{"id":8390,"date":"2018-04-23T11:33:09","date_gmt":"2018-04-23T14:33:09","guid":{"rendered":"http:\/\/www.muricionline.com.br\/novo\/?p=8390"},"modified":"2018-04-23T11:33:09","modified_gmt":"2018-04-23T14:33:09","slug":"campanha-contra-a-gripe-vacinas-estarao-disponiveis-nos-postos-de-saude-de-murici-a-partir-desta-terca","status":"publish","type":"post","link":"http:\/\/www.muricionline.com.br\/novo\/?p=8390","title":{"rendered":"Campanha contra a Gripe: vacinas estar\u00e3o dispon\u00edveis nos postos de sa\u00fade de Murici a partir desta ter\u00e7a"},"content":{"rendered":"<p>Ter\u00e1 in\u00edcio nesta ter\u00e7a-feira, 24, e segue at\u00e9 o dia 1\u00ba de junho, a campanha nacional contra a Gripe. Em Murici, as doses das vacinas estar\u00e3o dispon\u00edveis em todos os postos de sa\u00fade para as pessoas que fazem parte do grupo priorit\u00e1rio, durante as duas primeiras semanas da campanha. S\u00e3o elas: pessoas com mais de 60 anos, crian\u00e7as de seis meses a menores de cinco anos, trabalhadores de sa\u00fade, gestantes e m\u00e3es no p\u00f3s-parto.<\/p>\n<p>A vacina\u00e7\u00e3o contra a Gripe \u00e9 gratuita e tem o objetivo de reduzir a mortalidade, as complica\u00e7\u00f5es e interna\u00e7\u00f5es decorrentes das infec\u00e7\u00f5es causadas pelo v\u00edrus da influenza, em especial no grupo priorit\u00e1rio.<\/p>\n<p>Previna-se! Procure a unidade de sa\u00fade mais pr\u00f3xima munido da caderneta de vacina\u00e7\u00e3o e fique protegido.<\/p>\n<p>&nbsp;<\/p>\n<p>Com Assessoria de Comunica\u00e7\u00e3o&nbsp;<\/p>\n<span style=\"clear:both;display:none;\"><img src=\"http:\/\/www.muricionline.com.br\/novo\/wp-content\/plugins\/wp-spamfree\/img\/wpsf-img.php\" width=\"0\" height=\"0\" alt=\"\" style=\"border-style:none;width:0px;height:0px;display:none;\" \/><\/span>","protected":false},"excerpt":{"rendered":"<p>Ter\u00e1 in\u00edcio nesta ter\u00e7a-feira, 24, e segue at\u00e9 o dia 1\u00ba de junho, a campanha nacional contra a Gripe. Em Murici, as doses das vacinas estar\u00e3o dispon\u00edveis em todos os postos de sa\u00fade para as pessoas que fazem parte do grupo priorit\u00e1rio, durante as duas primeiras semanas da campanha. S\u00e3o elas: pessoas com mais de&#8230;<\/p>\n","protected":false},"author":1,"featured_media":8391,"comment_status":"open","ping_status":"open","sticky":false,"template":"","format":"standard","meta":{"footnotes":""},"categories":[1],"tags":[5],"_links":{"self":[{"href":"http:\/\/www.muricionline.com.br\/novo\/index.php?rest_route=\/wp\/v2\/posts\/8390"}],"collection":[{"href":"http:\/\/www.muricionline.com.br\/novo\/index.php?rest_route=\/wp\/v2\/posts"}],"about":[{"href":"http:\/\/www.muricionline.com.br\/novo\/index.php?rest_route=\/wp\/v2\/types\/post"}],"author":[{"embeddable":true,"href":"http:\/\/www.muricionline.com.br\/novo\/index.php?rest_route=\/wp\/v2\/users\/1"}],"replies":[{"embeddable":true,"href":"http:\/\/www.muricionline.com.br\/novo\/index.php?rest_route=%2Fwp%2Fv2%2Fcomments&post=8390"}],"version-history":[{"count":1,"href":"http:\/\/www.muricionline.com.br\/novo\/index.php?rest_route=\/wp\/v2\/posts\/8390\/revisions"}],"predecessor-version":[{"id":8392,"href":"http:\/\/www.muricionline.com.br\/novo\/index.php?rest_route=\/wp\/v2\/posts\/8390\/revisions\/8392"}],"wp:featuredmedia":[{"embeddable":true,"href":"http:\/\/www.muricionline.com.br\/novo\/index.php?rest_route=\/wp\/v2\/media\/8391"}],"wp:attachment":[{"href":"http:\/\/www.muricionline.com.br\/novo\/index.php?rest_route=%2Fwp%2Fv2%2Fmedia&parent=8390"}],"wp:term":[{"taxonomy":"category","embeddable":true,"href":"http:\/\/www.muricionline.com.br\/novo\/index.php?rest_route=%2Fwp%2Fv2%2Fcategories&post=8390"},{"taxonomy":"post_tag","embeddable":true,"href":"http:\/\/www.muricionline.com.br\/novo\/index.php?rest_route=%2Fwp%2Fv2%2Ftags&post=8390"}],"curies":[{"name":"wp","href":"https:\/\/api.w.org\/{rel}","templated":true}]}}