{"id":8393,"date":"2018-04-23T15:49:56","date_gmt":"2018-04-23T18:49:56","guid":{"rendered":"http:\/\/www.muricionline.com.br\/novo\/?p=8393"},"modified":"2018-04-23T15:52:00","modified_gmt":"2018-04-23T18:52:00","slug":"edson-ferreira-lamenta-estreia-com-derrota-mas-exalta-garotada-do-murici","status":"publish","type":"post","link":"http:\/\/www.muricionline.com.br\/novo\/?p=8393","title":{"rendered":"Edson Ferreira lamenta estreia com derrota, mas exalta garotada do Murici"},"content":{"rendered":"<p>O Murici estreou com derrota na S\u00e9rie D do Brasileir\u00e3o. A equipe teve dificuldades diante do Flamengo de Arcoverde e acabou saindo derrotada por 2 a 1. O jogo marcou a estreia do t\u00e9cnico Edson Ferreira no comando do Verd\u00e3o, que montou o elenco \u00e0s pressas e s\u00f3 anunciou o treinador para a temporada dias antes do in\u00edcio da competi\u00e7\u00e3o.<\/p>\n<p>&nbsp;<\/p>\n<p>O Murici est\u00e1 no Grupo A8, que ainda tem o Campinense e Fluminense de Feira de Santana. Com mais cinco jogos no calend\u00e1rio, o treinador ter\u00e1 toda a semana para trabalhar com o elenco at\u00e9 o pr\u00f3ximo desafio: a estreia em casa contra o Campinense, no pr\u00f3ximo s\u00e1bado, \u00e0s 16h. O t\u00e9cnico Edson Ferreira se mostrou satisfeito com o desempenho da equipe, apesar do resultado adverso jogando fora de casa.<\/p>\n<p>&nbsp;<\/p>\n<p>&#8211; O jogo em si foi bom, poder\u00edamos ter sa\u00eddo com a vit\u00f3ria pelos gols que perdemos. Eu pensei que seria pior, porque o time deles vem jogando h\u00e1 mais tempo, a base \u00e9 a do Porto, que disputou o Campeonato Pernambucano. Choveu um pouco l\u00e1 e o gramado acabou atrapalhando a nossa equipe &#8211; disse o treinador.<\/p>\n<p>O an\u00fancio do elenco e da comiss\u00e3o t\u00e9cnica aconteceu apenas na \u00faltima quinta-feira, tr\u00eas dias antes da estreia da equipe. O Murici acabou utilizando uma base de jogadores que atuaram pelo clube no estadual, somando jogadores que est\u00e3o disputando o Alagoano sub-20 pelo clube. At\u00e9 o pr\u00f3ximo jogo, o treinador vai tentar consertar os erros e melhorar a equipe para esse desafio.<\/p>\n<p>&#8211; Agora \u00e9 trabalhar nesses cinco dias de trabalho e tentar colocar em pr\u00e1tica o que n\u00f3s fizemos de melhor para buscar a vit\u00f3ria diante do Campinense no pr\u00f3ximo s\u00e1bado. A experi\u00eancia de trabalhar com esses garotos \u00e9 muito legal, j\u00e1 fui auxiliar t\u00e9cnico e trabalhei com o sub-20 de alguns clubes. S\u00e3o meninos humildes, de qualidade. Esse \u00e9 o caminho certo para o Murici fazer uma grande equipe para o Campeonato Alagoano do ano que vem e conquistar vagas para a Copa do Brasil, Copa do Nordeste.<\/p>\n<p>O Murici se reapresenta na tarde desta segunda-feira para recome\u00e7ar os treinamentos visando a pr\u00f3xima partida na S\u00e9rie D. O treinamento acontece no Est\u00e1dio Municipal Jos\u00e9 Gomes da Costa.<\/p>\n<p>&nbsp;<\/p>\n<p>Com globoesporte.com e Smack Neto<br \/>\nFoto: Jailson Col\u00e1cio<\/p>\n<p>&nbsp;<\/p>\n<span style=\"clear:both;display:none;\"><img src=\"http:\/\/www.muricionline.com.br\/novo\/wp-content\/plugins\/wp-spamfree\/img\/wpsf-img.php\" width=\"0\" height=\"0\" alt=\"\" style=\"border-style:none;width:0px;height:0px;display:none;\" \/><\/span>","protected":false},"excerpt":{"rendered":"<p>O Murici estreou com derrota na S\u00e9rie D do Brasileir\u00e3o. A equipe teve dificuldades diante do Flamengo de Arcoverde e acabou saindo derrotada por 2 a 1. O jogo marcou a estreia do t\u00e9cnico Edson Ferreira no comando do Verd\u00e3o, que montou o elenco \u00e0s pressas e s\u00f3 anunciou o treinador para a temporada dias&#8230;<\/p>\n","protected":false},"author":1,"featured_media":8394,"comment_status":"open","ping_status":"open","sticky":false,"template":"","format":"standard","meta":{"footnotes":""},"categories":[9,1],"tags":[5],"_links":{"self":[{"href":"http:\/\/www.muricionline.com.br\/novo\/index.php?rest_route=\/wp\/v2\/posts\/8393"}],"collection":[{"href":"http:\/\/www.muricionline.com.br\/novo\/index.php?rest_route=\/wp\/v2\/posts"}],"about":[{"href":"http:\/\/www.muricionline.com.br\/novo\/index.php?rest_route=\/wp\/v2\/types\/post"}],"author":[{"embeddable":true,"href":"http:\/\/www.muricionline.com.br\/novo\/index.php?rest_route=\/wp\/v2\/users\/1"}],"replies":[{"embeddable":true,"href":"http:\/\/www.muricionline.com.br\/novo\/index.php?rest_route=%2Fwp%2Fv2%2Fcomments&post=8393"}],"version-history":[{"count":1,"href":"http:\/\/www.muricionline.com.br\/novo\/index.php?rest_route=\/wp\/v2\/posts\/8393\/revisions"}],"predecessor-version":[{"id":8395,"href":"http:\/\/www.muricionline.com.br\/novo\/index.php?rest_route=\/wp\/v2\/posts\/8393\/revisions\/8395"}],"wp:featuredmedia":[{"embeddable":true,"href":"http:\/\/www.muricionline.com.br\/novo\/index.php?rest_route=\/wp\/v2\/media\/8394"}],"wp:attachment":[{"href":"http:\/\/www.muricionline.com.br\/novo\/index.php?rest_route=%2Fwp%2Fv2%2Fmedia&parent=8393"}],"wp:term":[{"taxonomy":"category","embeddable":true,"href":"http:\/\/www.muricionline.com.br\/novo\/index.php?rest_route=%2Fwp%2Fv2%2Fcategories&post=8393"},{"taxonomy":"post_tag","embeddable":true,"href":"http:\/\/www.muricionline.com.br\/novo\/index.php?rest_route=%2Fwp%2Fv2%2Ftags&post=8393"}],"curies":[{"name":"wp","href":"https:\/\/api.w.org\/{rel}","templated":true}]}}