{"id":8396,"date":"2018-04-23T18:21:08","date_gmt":"2018-04-23T21:21:08","guid":{"rendered":"http:\/\/www.muricionline.com.br\/novo\/?p=8396"},"modified":"2018-04-23T18:21:08","modified_gmt":"2018-04-23T21:21:08","slug":"empresas-associadas-ao-sindivestal-participam-da-22a-edicao-do-minas-trend","status":"publish","type":"post","link":"http:\/\/www.muricionline.com.br\/novo\/?p=8396","title":{"rendered":"Empresas associadas ao Sindivest\/AL participam da 22\u00aa Edi\u00e7\u00e3o do Minas Trend"},"content":{"rendered":"<p>A 22\u00aa Edi\u00e7\u00e3o do Minas Trend Primavera\/Ver\u00e3o 2019, que ocorre no Centro de Conven\u00e7\u00f5es Expominas em Belo Horizonte\/MG, teve in\u00edcio na \u00faltima ter\u00e7a (17) e encerrar\u00e1 nesta sexta (20). Empresas alagoanas novamente marcam presen\u00e7a, acompanhadas do presidente do Sindicato do Vestu\u00e1rio de Alagoas (Sindivest\/AL), Francisco Acioli e contando com o apoio do Servi\u00e7o de Aprendizagem Industrial (Senai\/AL) e do Servi\u00e7o Brasileiro de Apoio \u00e0s Micro e Pequenas Empresas (Sebrae\/AL).<br \/>\nAteli\u00ea Endy Mesquita, Caleidosc\u00f3pio, Alana Ten\u00f3rio, Carol Paz e Nina K \u2013 Conceitos &amp; Estilos, s\u00e3o as associadas que v\u00eam representando Alagoas nas passarelas nestes quatro dias de evento. A feira re\u00fane, em um s\u00f3 lugar, expositores e lojistas dos segmentos de vestu\u00e1rio, cal\u00e7ados, bolsas, joias e bijuterias. Ela promove interc\u00e2mbio, troca de conhecimento e integra\u00e7\u00e3o entre profissionais, colocando em destaque a criatividade e o talento de seus atores. Assim, estimula o crescimento e a organiza\u00e7\u00e3o do setor.<br \/>\nTamb\u00e9m busca parcerias estrat\u00e9gicas, que d\u00e3o ainda mais representatividade a essa iniciativa. Al\u00e9m disso, o Minas Trend \u00e9 mais um evento Carbono Zero realizado pela Federa\u00e7\u00e3o da Ind\u00fastria do Estado de Minas Gerais (Fiemg). Por isso, o evento est\u00e1 se consolidando como um dos principais Sal\u00f5es de Neg\u00f3cios da ind\u00fastria da moda.<br \/>\nSOBRE O MINAS TREND:<br \/>\nEm novembro de 2007, o Sistema Fiemg, em parceria com a Dupla Assessoria, lan\u00e7ou o Minas TrendPreview, evento que teve o objetivo de mostrar, antes das principais semanas de moda do Brasil, as tend\u00eancias para a cole\u00e7\u00e3o outono\/inverno 2008, a fim de fomentar as vendas da ind\u00fastria da moda mineira. Hoje a feira est\u00e1 em sua 22\u00aa edi\u00e7\u00e3o e se tornou a maior plataforma de gera\u00e7\u00e3o de neg\u00f3cios do pa\u00eds.<\/p>\n<p>&nbsp;<\/p>\n<p>Com&nbsp;<\/p>\n<span style=\"clear:both;display:none;\"><img src=\"http:\/\/www.muricionline.com.br\/novo\/wp-content\/plugins\/wp-spamfree\/img\/wpsf-img.php\" width=\"0\" height=\"0\" alt=\"\" style=\"border-style:none;width:0px;height:0px;display:none;\" \/><\/span>","protected":false},"excerpt":{"rendered":"<p>A 22\u00aa Edi\u00e7\u00e3o do Minas Trend Primavera\/Ver\u00e3o 2019, que ocorre no Centro de Conven\u00e7\u00f5es Expominas em Belo Horizonte\/MG, teve in\u00edcio na \u00faltima ter\u00e7a (17) e encerrar\u00e1 nesta sexta (20). Empresas alagoanas novamente marcam presen\u00e7a, acompanhadas do presidente do Sindicato do Vestu\u00e1rio de Alagoas (Sindivest\/AL), Francisco Acioli e contando com o apoio do Servi\u00e7o de Aprendizagem&#8230;<\/p>\n","protected":false},"author":1,"featured_media":8397,"comment_status":"open","ping_status":"open","sticky":false,"template":"","format":"standard","meta":{"footnotes":""},"categories":[1],"tags":[5],"_links":{"self":[{"href":"http:\/\/www.muricionline.com.br\/novo\/index.php?rest_route=\/wp\/v2\/posts\/8396"}],"collection":[{"href":"http:\/\/www.muricionline.com.br\/novo\/index.php?rest_route=\/wp\/v2\/posts"}],"about":[{"href":"http:\/\/www.muricionline.com.br\/novo\/index.php?rest_route=\/wp\/v2\/types\/post"}],"author":[{"embeddable":true,"href":"http:\/\/www.muricionline.com.br\/novo\/index.php?rest_route=\/wp\/v2\/users\/1"}],"replies":[{"embeddable":true,"href":"http:\/\/www.muricionline.com.br\/novo\/index.php?rest_route=%2Fwp%2Fv2%2Fcomments&post=8396"}],"version-history":[{"count":1,"href":"http:\/\/www.muricionline.com.br\/novo\/index.php?rest_route=\/wp\/v2\/posts\/8396\/revisions"}],"predecessor-version":[{"id":8398,"href":"http:\/\/www.muricionline.com.br\/novo\/index.php?rest_route=\/wp\/v2\/posts\/8396\/revisions\/8398"}],"wp:featuredmedia":[{"embeddable":true,"href":"http:\/\/www.muricionline.com.br\/novo\/index.php?rest_route=\/wp\/v2\/media\/8397"}],"wp:attachment":[{"href":"http:\/\/www.muricionline.com.br\/novo\/index.php?rest_route=%2Fwp%2Fv2%2Fmedia&parent=8396"}],"wp:term":[{"taxonomy":"category","embeddable":true,"href":"http:\/\/www.muricionline.com.br\/novo\/index.php?rest_route=%2Fwp%2Fv2%2Fcategories&post=8396"},{"taxonomy":"post_tag","embeddable":true,"href":"http:\/\/www.muricionline.com.br\/novo\/index.php?rest_route=%2Fwp%2Fv2%2Ftags&post=8396"}],"curies":[{"name":"wp","href":"https:\/\/api.w.org\/{rel}","templated":true}]}}