{"id":8404,"date":"2018-04-24T10:25:12","date_gmt":"2018-04-24T13:25:12","guid":{"rendered":"http:\/\/www.muricionline.com.br\/novo\/?p=8404"},"modified":"2018-04-24T10:25:36","modified_gmt":"2018-04-24T13:25:36","slug":"gestantes-de-santana-do-mundau-contam-com-acompanhamento-pre-natal","status":"publish","type":"post","link":"http:\/\/www.muricionline.com.br\/novo\/?p=8404","title":{"rendered":"Gestantes de Santana do Munda\u00fa contam com acompanhamento\u00a0pr\u00e9-natal"},"content":{"rendered":"<p>O parto \u00e9 o momento da gesta\u00e7\u00e3o em que a m\u00e3e precisa sentir mais seguran\u00e7a para dar a luz ao seu filho. Pensando nesse sentimento, a Prefeitura de&nbsp;Santana do Munda\u00fa, atrav\u00e9s da Secretaria Municipal de Sa\u00fade,&nbsp;tem proporcionado \u00e0s futuras mam\u00e3es, um&nbsp;acompanhamento especializado durante toda&nbsp;a gravidez.<\/p>\n<p>Durante o per\u00edodo, a Secretaria promove&nbsp;o acesso \u00e0&nbsp;consultas e exames que visam detectar doen\u00e7as que possam afetar a sa\u00fade da crian\u00e7a ou seu desenvolvimento no \u00fatero, al\u00e9m de orienta\u00e7\u00f5es importantes sobre aleitamento materno, alimenta\u00e7\u00e3o, vacinas e cuidados com o beb\u00ea.&nbsp;&nbsp;<\/p>\n<p><a href=\"http:\/\/www.muricionline.com.br\/novo\/wp-content\/uploads\/2018\/04\/gestantes-SDM-5.jpg\"><img loading=\"lazy\" decoding=\"async\" class=\"aligncenter size-full wp-image-8405\" src=\"http:\/\/www.muricionline.com.br\/novo\/wp-content\/uploads\/2018\/04\/gestantes-SDM-5.jpg\" alt=\"\" width=\"960\" height=\"720\" srcset=\"http:\/\/www.muricionline.com.br\/novo\/wp-content\/uploads\/2018\/04\/gestantes-SDM-5.jpg 960w, http:\/\/www.muricionline.com.br\/novo\/wp-content\/uploads\/2018\/04\/gestantes-SDM-5-300x225.jpg 300w, http:\/\/www.muricionline.com.br\/novo\/wp-content\/uploads\/2018\/04\/gestantes-SDM-5-768x576.jpg 768w\" sizes=\"(max-width: 960px) 100vw, 960px\" \/><\/a><\/p>\n<p>A secret\u00e1ria Paula Cavalcante explica que o&nbsp;acompanhamento,&nbsp;realizado&nbsp;nas&nbsp;unidades b\u00e1sicas de sa\u00fade, atrav\u00e9s da equipe de profissionais,&nbsp;\u00e9 fundamental durante o per\u00edodo da gesta\u00e7\u00e3o. \u201cNo pr\u00e9-natal \u00e9 poss\u00edvel diagnosticar e tratar v\u00e1rias doen\u00e7as&nbsp;que podem afetar a sa\u00fade e o desenvolvimento da crian\u00e7a e da futura mam\u00e3e. \u00c9 nesse acompanhamento que identificamos gesta\u00e7\u00f5es mais delicadas, consideradas de alto-risco. Em casos de gestantes que apresentam condi\u00e7\u00f5es como press\u00e3o alta, diabetes, obesidade, problemas card\u00edacos, hist\u00f3rico de aborto, entre outros, a aten\u00e7\u00e3o \u00e9 redobrada. Por isso \u00e9 t\u00e3o importante que a mulher seja acompanhada logo no in\u00edcio da gravidez, para que sejam identificados os poss\u00edveis problemas e que eles sejam monitorados adequadamente, garantindo mais qualidade de vida e seguran\u00e7a para a gestante e o beb\u00ea\u201d,&nbsp;pontuou.<\/p>\n<p>&nbsp;<\/p>\n<div>\n<div dir=\"ltr\">\n<p>&nbsp;<\/p>\n<p><i><b>Com Assessoria de Comunica\u00e7\u00e3o<\/b><\/i><\/p>\n<\/div>\n<\/div>\n<span style=\"clear:both;display:none;\"><img src=\"http:\/\/www.muricionline.com.br\/novo\/wp-content\/plugins\/wp-spamfree\/img\/wpsf-img.php\" width=\"0\" height=\"0\" alt=\"\" style=\"border-style:none;width:0px;height:0px;display:none;\" \/><\/span>","protected":false},"excerpt":{"rendered":"<p>O parto \u00e9 o momento da gesta\u00e7\u00e3o em que a m\u00e3e precisa sentir mais seguran\u00e7a para dar a luz ao seu filho. Pensando nesse sentimento, a Prefeitura de&nbsp;Santana do Munda\u00fa, atrav\u00e9s da Secretaria Municipal de Sa\u00fade,&nbsp;tem proporcionado \u00e0s futuras mam\u00e3es, um&nbsp;acompanhamento especializado durante toda&nbsp;a gravidez. Durante o per\u00edodo, a Secretaria promove&nbsp;o acesso \u00e0&nbsp;consultas e exames&#8230;<\/p>\n","protected":false},"author":1,"featured_media":8406,"comment_status":"open","ping_status":"open","sticky":false,"template":"","format":"standard","meta":{"footnotes":""},"categories":[1],"tags":[5],"_links":{"self":[{"href":"http:\/\/www.muricionline.com.br\/novo\/index.php?rest_route=\/wp\/v2\/posts\/8404"}],"collection":[{"href":"http:\/\/www.muricionline.com.br\/novo\/index.php?rest_route=\/wp\/v2\/posts"}],"about":[{"href":"http:\/\/www.muricionline.com.br\/novo\/index.php?rest_route=\/wp\/v2\/types\/post"}],"author":[{"embeddable":true,"href":"http:\/\/www.muricionline.com.br\/novo\/index.php?rest_route=\/wp\/v2\/users\/1"}],"replies":[{"embeddable":true,"href":"http:\/\/www.muricionline.com.br\/novo\/index.php?rest_route=%2Fwp%2Fv2%2Fcomments&post=8404"}],"version-history":[{"count":1,"href":"http:\/\/www.muricionline.com.br\/novo\/index.php?rest_route=\/wp\/v2\/posts\/8404\/revisions"}],"predecessor-version":[{"id":8407,"href":"http:\/\/www.muricionline.com.br\/novo\/index.php?rest_route=\/wp\/v2\/posts\/8404\/revisions\/8407"}],"wp:featuredmedia":[{"embeddable":true,"href":"http:\/\/www.muricionline.com.br\/novo\/index.php?rest_route=\/wp\/v2\/media\/8406"}],"wp:attachment":[{"href":"http:\/\/www.muricionline.com.br\/novo\/index.php?rest_route=%2Fwp%2Fv2%2Fmedia&parent=8404"}],"wp:term":[{"taxonomy":"category","embeddable":true,"href":"http:\/\/www.muricionline.com.br\/novo\/index.php?rest_route=%2Fwp%2Fv2%2Fcategories&post=8404"},{"taxonomy":"post_tag","embeddable":true,"href":"http:\/\/www.muricionline.com.br\/novo\/index.php?rest_route=%2Fwp%2Fv2%2Ftags&post=8404"}],"curies":[{"name":"wp","href":"https:\/\/api.w.org\/{rel}","templated":true}]}}