{"id":8408,"date":"2018-04-24T17:51:46","date_gmt":"2018-04-24T20:51:46","guid":{"rendered":"http:\/\/www.muricionline.com.br\/novo\/?p=8408"},"modified":"2018-04-24T17:54:34","modified_gmt":"2018-04-24T20:54:34","slug":"8408","status":"publish","type":"post","link":"http:\/\/www.muricionline.com.br\/novo\/?p=8408","title":{"rendered":"Homem morre ap\u00f3s ser atropelado por carreta na BR-104, em Murici"},"content":{"rendered":"<p>Um homem &#8211;&nbsp;ainda sem identifica\u00e7\u00e3o &#8211;&nbsp;morreu, na tarde desta ter\u00e7a-feira, 24, ap\u00f3s ser atropelado por uma carreta no quil\u00f4metro 67 da BR-104, na cidade de Murici, na zona da mata alagoana.<\/p>\n<div class=\"content entry-content\">\n<div id=\"beacon_22f385ea3c\">\n<p><img loading=\"lazy\" decoding=\"async\" src=\"http:\/\/ad.id5.com.br\/www\/delivery\/lg.php?bannerid=311&amp;campaignid=205&amp;zoneid=77&amp;loc=http%3A%2F%2Fwww.alagoas24horas.com.br%2F1148191%2Fhomem-morre-apos-ser-atropelado-por-carreta-na-br-104-2%2F&amp;referer=http%3A%2F%2Fwww.alagoas24horas.com.br%2F&amp;cb=22f385ea3c\" alt=\"\" width=\"0\" height=\"0\">Testemunhas informaram \u00e0 Pol\u00edcia Rodovi\u00e1ria Federal (PRF) que o pedestre apresentava transtornos mentais e foi atropelado por volta do meio-dia por uma carreta, de cor prata e placa de S\u00e3o Paulo.<\/p>\n<p>&nbsp;<\/p>\n<p>O motorista acompanhou o socorro da v\u00edtima no local e posteriormente se apresentou na Delegacia de Pol\u00edcia Civil em Murici, para prestar esclarecimentos sobre o caso.<\/p>\n<p>&nbsp;<\/p>\n<\/div>\n<p>Com Alagoas24Horas<\/p>\n<p>Fotos: Cortesia<\/p>\n<\/div>\n<span style=\"clear:both;display:none;\"><img src=\"http:\/\/www.muricionline.com.br\/novo\/wp-content\/plugins\/wp-spamfree\/img\/wpsf-img.php\" width=\"0\" height=\"0\" alt=\"\" style=\"border-style:none;width:0px;height:0px;display:none;\" \/><\/span>","protected":false},"excerpt":{"rendered":"<p>Um homem &#8211;&nbsp;ainda sem identifica\u00e7\u00e3o &#8211;&nbsp;morreu, na tarde desta ter\u00e7a-feira, 24, ap\u00f3s ser atropelado por uma carreta no quil\u00f4metro 67 da BR-104, na cidade de Murici, na zona da mata alagoana. Testemunhas informaram \u00e0 Pol\u00edcia Rodovi\u00e1ria Federal (PRF) que o pedestre apresentava transtornos mentais e foi atropelado por volta do meio-dia por uma carreta, de&#8230;<\/p>\n","protected":false},"author":1,"featured_media":8410,"comment_status":"open","ping_status":"open","sticky":false,"template":"","format":"standard","meta":{"footnotes":""},"categories":[1],"tags":[5],"_links":{"self":[{"href":"http:\/\/www.muricionline.com.br\/novo\/index.php?rest_route=\/wp\/v2\/posts\/8408"}],"collection":[{"href":"http:\/\/www.muricionline.com.br\/novo\/index.php?rest_route=\/wp\/v2\/posts"}],"about":[{"href":"http:\/\/www.muricionline.com.br\/novo\/index.php?rest_route=\/wp\/v2\/types\/post"}],"author":[{"embeddable":true,"href":"http:\/\/www.muricionline.com.br\/novo\/index.php?rest_route=\/wp\/v2\/users\/1"}],"replies":[{"embeddable":true,"href":"http:\/\/www.muricionline.com.br\/novo\/index.php?rest_route=%2Fwp%2Fv2%2Fcomments&post=8408"}],"version-history":[{"count":3,"href":"http:\/\/www.muricionline.com.br\/novo\/index.php?rest_route=\/wp\/v2\/posts\/8408\/revisions"}],"predecessor-version":[{"id":8414,"href":"http:\/\/www.muricionline.com.br\/novo\/index.php?rest_route=\/wp\/v2\/posts\/8408\/revisions\/8414"}],"wp:featuredmedia":[{"embeddable":true,"href":"http:\/\/www.muricionline.com.br\/novo\/index.php?rest_route=\/wp\/v2\/media\/8410"}],"wp:attachment":[{"href":"http:\/\/www.muricionline.com.br\/novo\/index.php?rest_route=%2Fwp%2Fv2%2Fmedia&parent=8408"}],"wp:term":[{"taxonomy":"category","embeddable":true,"href":"http:\/\/www.muricionline.com.br\/novo\/index.php?rest_route=%2Fwp%2Fv2%2Fcategories&post=8408"},{"taxonomy":"post_tag","embeddable":true,"href":"http:\/\/www.muricionline.com.br\/novo\/index.php?rest_route=%2Fwp%2Fv2%2Ftags&post=8408"}],"curies":[{"name":"wp","href":"https:\/\/api.w.org\/{rel}","templated":true}]}}