{"id":8415,"date":"2018-04-25T15:13:28","date_gmt":"2018-04-25T18:13:28","guid":{"rendered":"http:\/\/www.muricionline.com.br\/novo\/?p=8415"},"modified":"2018-04-25T16:04:36","modified_gmt":"2018-04-25T19:04:36","slug":"murici-sedia-encontro-regional-sobre-captacao-e-aplicacao-legal-de-recursos-para-o-suas","status":"publish","type":"post","link":"http:\/\/www.muricionline.com.br\/novo\/?p=8415","title":{"rendered":"Murici sedia encontro regional sobre capta\u00e7\u00e3o e aplica\u00e7\u00e3o legal de recursos para o SUAS"},"content":{"rendered":"<p>Murici sediou nesta quarta-feira, 25, um encontro sobre cofinanciamento e presta\u00e7\u00e3o de contas do Sistema \u00danico de Assist\u00eancia Social (SUAS) com gestores e t\u00e9cnicos das pastas dos munic\u00edpios da regi\u00e3o Serrana dos Quilombos. O objetivo foi tratar dos crit\u00e9rios de recebimento e aplica\u00e7\u00f5es dos recursos do Fundo Nacional e Estadual de Assist\u00eancia Social (FNAS\/FEAS) pelos munic\u00edpios nos servi\u00e7os assistenciais, bem como da comprova\u00e7\u00e3o or\u00e7ament\u00e1ria dos recursos adquiridos.<\/p>\n<p><a href=\"http:\/\/www.muricionline.com.br\/novo\/wp-content\/uploads\/2018\/04\/IMG-20180425-WA0079.jpg\"><img loading=\"lazy\" decoding=\"async\" class=\"aligncenter size-full wp-image-8416\" src=\"http:\/\/www.muricionline.com.br\/novo\/wp-content\/uploads\/2018\/04\/IMG-20180425-WA0079.jpg\" alt=\"\" width=\"1280\" height=\"853\" srcset=\"http:\/\/www.muricionline.com.br\/novo\/wp-content\/uploads\/2018\/04\/IMG-20180425-WA0079.jpg 1280w, http:\/\/www.muricionline.com.br\/novo\/wp-content\/uploads\/2018\/04\/IMG-20180425-WA0079-300x200.jpg 300w, http:\/\/www.muricionline.com.br\/novo\/wp-content\/uploads\/2018\/04\/IMG-20180425-WA0079-768x512.jpg 768w, http:\/\/www.muricionline.com.br\/novo\/wp-content\/uploads\/2018\/04\/IMG-20180425-WA0079-1024x682.jpg 1024w\" sizes=\"(max-width: 1280px) 100vw, 1280px\" \/><\/a><\/p>\n<p>A roda de conversa foi ministrada pela superintendente de Assist\u00eancia Social da Secretaria de Estado da Assist\u00eancia e Desenvolvimento Social (SEADES), Elisberl\u00e2nia Correia.<\/p>\n<p><a href=\"http:\/\/www.muricionline.com.br\/novo\/wp-content\/uploads\/2018\/04\/IMG-20180425-WA0082.jpg\"><img loading=\"lazy\" decoding=\"async\" class=\"aligncenter size-full wp-image-8417\" src=\"http:\/\/www.muricionline.com.br\/novo\/wp-content\/uploads\/2018\/04\/IMG-20180425-WA0082.jpg\" alt=\"\" width=\"1280\" height=\"853\" srcset=\"http:\/\/www.muricionline.com.br\/novo\/wp-content\/uploads\/2018\/04\/IMG-20180425-WA0082.jpg 1280w, http:\/\/www.muricionline.com.br\/novo\/wp-content\/uploads\/2018\/04\/IMG-20180425-WA0082-300x200.jpg 300w, http:\/\/www.muricionline.com.br\/novo\/wp-content\/uploads\/2018\/04\/IMG-20180425-WA0082-768x512.jpg 768w, http:\/\/www.muricionline.com.br\/novo\/wp-content\/uploads\/2018\/04\/IMG-20180425-WA0082-1024x682.jpg 1024w\" sizes=\"(max-width: 1280px) 100vw, 1280px\" \/><\/a><\/p>\n<p>O encontro reuniu representantes das cidades de Murici, Atalaia, Branquinha, Cajueiro, Capela, Flexeiras, Ibateguara, Joaquim Gomes, Santana do Munda\u00fa, S\u00e3o Jos\u00e9 da Laje e Uni\u00e3o dos Palmares.<\/p>\n<p><a href=\"http:\/\/www.muricionline.com.br\/novo\/wp-content\/uploads\/2018\/04\/IMG-20180425-WA0081.jpg\"><img loading=\"lazy\" decoding=\"async\" class=\"aligncenter size-full wp-image-8418\" src=\"http:\/\/www.muricionline.com.br\/novo\/wp-content\/uploads\/2018\/04\/IMG-20180425-WA0081.jpg\" alt=\"\" width=\"1280\" height=\"853\" srcset=\"http:\/\/www.muricionline.com.br\/novo\/wp-content\/uploads\/2018\/04\/IMG-20180425-WA0081.jpg 1280w, http:\/\/www.muricionline.com.br\/novo\/wp-content\/uploads\/2018\/04\/IMG-20180425-WA0081-300x200.jpg 300w, http:\/\/www.muricionline.com.br\/novo\/wp-content\/uploads\/2018\/04\/IMG-20180425-WA0081-768x512.jpg 768w, http:\/\/www.muricionline.com.br\/novo\/wp-content\/uploads\/2018\/04\/IMG-20180425-WA0081-1024x682.jpg 1024w\" sizes=\"(max-width: 1280px) 100vw, 1280px\" \/><\/a><\/p>\n<p>Com Assessoria de Comunica\u00e7\u00e3o&nbsp;<\/p>\n<span style=\"clear:both;display:none;\"><img src=\"http:\/\/www.muricionline.com.br\/novo\/wp-content\/plugins\/wp-spamfree\/img\/wpsf-img.php\" width=\"0\" height=\"0\" alt=\"\" style=\"border-style:none;width:0px;height:0px;display:none;\" \/><\/span>","protected":false},"excerpt":{"rendered":"<p>Murici sediou nesta quarta-feira, 25, um encontro sobre cofinanciamento e presta\u00e7\u00e3o de contas do Sistema \u00danico de Assist\u00eancia Social (SUAS) com gestores e t\u00e9cnicos das pastas dos munic\u00edpios da regi\u00e3o Serrana dos Quilombos. O objetivo foi tratar dos crit\u00e9rios de recebimento e aplica\u00e7\u00f5es dos recursos do Fundo Nacional e Estadual de Assist\u00eancia Social (FNAS\/FEAS) pelos&#8230;<\/p>\n","protected":false},"author":1,"featured_media":8419,"comment_status":"open","ping_status":"open","sticky":false,"template":"","format":"standard","meta":{"footnotes":""},"categories":[1],"tags":[5],"_links":{"self":[{"href":"http:\/\/www.muricionline.com.br\/novo\/index.php?rest_route=\/wp\/v2\/posts\/8415"}],"collection":[{"href":"http:\/\/www.muricionline.com.br\/novo\/index.php?rest_route=\/wp\/v2\/posts"}],"about":[{"href":"http:\/\/www.muricionline.com.br\/novo\/index.php?rest_route=\/wp\/v2\/types\/post"}],"author":[{"embeddable":true,"href":"http:\/\/www.muricionline.com.br\/novo\/index.php?rest_route=\/wp\/v2\/users\/1"}],"replies":[{"embeddable":true,"href":"http:\/\/www.muricionline.com.br\/novo\/index.php?rest_route=%2Fwp%2Fv2%2Fcomments&post=8415"}],"version-history":[{"count":2,"href":"http:\/\/www.muricionline.com.br\/novo\/index.php?rest_route=\/wp\/v2\/posts\/8415\/revisions"}],"predecessor-version":[{"id":8421,"href":"http:\/\/www.muricionline.com.br\/novo\/index.php?rest_route=\/wp\/v2\/posts\/8415\/revisions\/8421"}],"wp:featuredmedia":[{"embeddable":true,"href":"http:\/\/www.muricionline.com.br\/novo\/index.php?rest_route=\/wp\/v2\/media\/8419"}],"wp:attachment":[{"href":"http:\/\/www.muricionline.com.br\/novo\/index.php?rest_route=%2Fwp%2Fv2%2Fmedia&parent=8415"}],"wp:term":[{"taxonomy":"category","embeddable":true,"href":"http:\/\/www.muricionline.com.br\/novo\/index.php?rest_route=%2Fwp%2Fv2%2Fcategories&post=8415"},{"taxonomy":"post_tag","embeddable":true,"href":"http:\/\/www.muricionline.com.br\/novo\/index.php?rest_route=%2Fwp%2Fv2%2Ftags&post=8415"}],"curies":[{"name":"wp","href":"https:\/\/api.w.org\/{rel}","templated":true}]}}