{"id":8422,"date":"2018-04-26T12:47:13","date_gmt":"2018-04-26T15:47:13","guid":{"rendered":"http:\/\/www.muricionline.com.br\/novo\/?p=8422"},"modified":"2018-04-26T12:47:34","modified_gmt":"2018-04-26T15:47:34","slug":"8422","status":"publish","type":"post","link":"http:\/\/www.muricionline.com.br\/novo\/?p=8422","title":{"rendered":"Em reuni\u00e3o com Olavo Neto, empres\u00e1rio reafirma constru\u00e7\u00e3o de f\u00e1brica de cer\u00e2mica em Murici"},"content":{"rendered":"<p>A cidade de Murici entrar\u00e1 no hall da cadeia produtiva de cer\u00e2mica, importante setor que j\u00e1 conta com grandes empresas do ramo em todo o Estado. At\u00e9 dezembro, sinalizou o empres\u00e1rio Germano Fireman durante reuni\u00e3o com o prefeito Olavo Neto, a Cer\u00e2mica Alagoas inicia suas atividades de produ\u00e7\u00e3o de artefatos de cer\u00e2mica vermelha, como blocos, veda\u00e7\u00f5es, lajotas e telhas.<\/p>\n<p>Com um investimento de R$ 7 milh\u00f5es, o empreendimento funcionar\u00e1 no N\u00facleo B do polo industrial e vai gerar cerca de 60 empregos diretos e indiretos. \u201cA instala\u00e7\u00e3o de uma empresa do porte da Cer\u00e2mica Alagoas em Murici s\u00f3 fortalece a economia local num momento t\u00e3o importante como esse, em que o pa\u00eds ainda passa por uma recess\u00e3o econ\u00f4mica\u201d, frisou Olavo Neto, que est\u00e1 empenhado para dar celeridade ao in\u00edcio da opera\u00e7\u00e3o da f\u00e1brica.<\/p>\n<p><a href=\"http:\/\/www.muricionline.com.br\/novo\/wp-content\/uploads\/2018\/04\/IMG-20180426-WA0022.jpg\"><img loading=\"lazy\" decoding=\"async\" class=\"aligncenter size-full wp-image-8423\" src=\"http:\/\/www.muricionline.com.br\/novo\/wp-content\/uploads\/2018\/04\/IMG-20180426-WA0022.jpg\" alt=\"\" width=\"1157\" height=\"809\" srcset=\"http:\/\/www.muricionline.com.br\/novo\/wp-content\/uploads\/2018\/04\/IMG-20180426-WA0022.jpg 1157w, http:\/\/www.muricionline.com.br\/novo\/wp-content\/uploads\/2018\/04\/IMG-20180426-WA0022-300x210.jpg 300w, http:\/\/www.muricionline.com.br\/novo\/wp-content\/uploads\/2018\/04\/IMG-20180426-WA0022-768x537.jpg 768w, http:\/\/www.muricionline.com.br\/novo\/wp-content\/uploads\/2018\/04\/IMG-20180426-WA0022-1024x716.jpg 1024w, http:\/\/www.muricionline.com.br\/novo\/wp-content\/uploads\/2018\/04\/IMG-20180426-WA0022-320x224.jpg 320w\" sizes=\"(max-width: 1157px) 100vw, 1157px\" \/><\/a><\/p>\n<p><strong>Sobre a empresa<\/strong><\/p>\n<p>A Cer\u00e2mica Alagoas \u00e9 uma empresa totalmente automatizada e tem capacidade para produzir em m\u00e9dia um milh\u00e3o e seiscentas pe\u00e7as por m\u00eas, tendo como meio inicial de distribui\u00e7\u00e3o cidades da regi\u00e3o da Mata Alagoana, se entendendo para outros estados do Nordeste.<\/p>\n<p>&nbsp;<\/p>\n<p>Com Assessoria de Comunica\u00e7\u00e3o&nbsp;<\/p>\n<span style=\"clear:both;display:none;\"><img src=\"http:\/\/www.muricionline.com.br\/novo\/wp-content\/plugins\/wp-spamfree\/img\/wpsf-img.php\" width=\"0\" height=\"0\" alt=\"\" style=\"border-style:none;width:0px;height:0px;display:none;\" \/><\/span>","protected":false},"excerpt":{"rendered":"<p>A cidade de Murici entrar\u00e1 no hall da cadeia produtiva de cer\u00e2mica, importante setor que j\u00e1 conta com grandes empresas do ramo em todo o Estado. At\u00e9 dezembro, sinalizou o empres\u00e1rio Germano Fireman durante reuni\u00e3o com o prefeito Olavo Neto, a Cer\u00e2mica Alagoas inicia suas atividades de produ\u00e7\u00e3o de artefatos de cer\u00e2mica vermelha, como blocos,&#8230;<\/p>\n","protected":false},"author":1,"featured_media":8424,"comment_status":"open","ping_status":"open","sticky":false,"template":"","format":"standard","meta":{"footnotes":""},"categories":[1],"tags":[5],"_links":{"self":[{"href":"http:\/\/www.muricionline.com.br\/novo\/index.php?rest_route=\/wp\/v2\/posts\/8422"}],"collection":[{"href":"http:\/\/www.muricionline.com.br\/novo\/index.php?rest_route=\/wp\/v2\/posts"}],"about":[{"href":"http:\/\/www.muricionline.com.br\/novo\/index.php?rest_route=\/wp\/v2\/types\/post"}],"author":[{"embeddable":true,"href":"http:\/\/www.muricionline.com.br\/novo\/index.php?rest_route=\/wp\/v2\/users\/1"}],"replies":[{"embeddable":true,"href":"http:\/\/www.muricionline.com.br\/novo\/index.php?rest_route=%2Fwp%2Fv2%2Fcomments&post=8422"}],"version-history":[{"count":2,"href":"http:\/\/www.muricionline.com.br\/novo\/index.php?rest_route=\/wp\/v2\/posts\/8422\/revisions"}],"predecessor-version":[{"id":8426,"href":"http:\/\/www.muricionline.com.br\/novo\/index.php?rest_route=\/wp\/v2\/posts\/8422\/revisions\/8426"}],"wp:featuredmedia":[{"embeddable":true,"href":"http:\/\/www.muricionline.com.br\/novo\/index.php?rest_route=\/wp\/v2\/media\/8424"}],"wp:attachment":[{"href":"http:\/\/www.muricionline.com.br\/novo\/index.php?rest_route=%2Fwp%2Fv2%2Fmedia&parent=8422"}],"wp:term":[{"taxonomy":"category","embeddable":true,"href":"http:\/\/www.muricionline.com.br\/novo\/index.php?rest_route=%2Fwp%2Fv2%2Fcategories&post=8422"},{"taxonomy":"post_tag","embeddable":true,"href":"http:\/\/www.muricionline.com.br\/novo\/index.php?rest_route=%2Fwp%2Fv2%2Ftags&post=8422"}],"curies":[{"name":"wp","href":"https:\/\/api.w.org\/{rel}","templated":true}]}}