{"id":8428,"date":"2018-04-27T13:44:00","date_gmt":"2018-04-27T16:44:00","guid":{"rendered":"http:\/\/www.muricionline.com.br\/novo\/?p=8428"},"modified":"2018-04-27T13:53:17","modified_gmt":"2018-04-27T16:53:17","slug":"historias-da-serie-d-murici-e-campinense-farao-duelo-com-lacos-de-familia","status":"publish","type":"post","link":"http:\/\/www.muricionline.com.br\/novo\/?p=8428","title":{"rendered":"Hist\u00f3rias da S\u00e9rie D: Murici e Campinense far\u00e3o duelo com &#8220;la\u00e7os de fam\u00edlia&#8221;"},"content":{"rendered":"<p>Alex Murici, lateral-esquerdo da equipe paraibana, ir\u00e1 reencontrar o clube que o revelou e onde joga seu irm\u00e3o, o lateral-direito Careca, e o seu cunhado, volante Gu\u00eaba<\/p>\n<p dir=\"ltr\">Os caminhos da bola muitas vezes escrevem boas hist\u00f3rias. Hist\u00f3rias de todos os tipos acabam sendo contadas atrav\u00e9s do futebol. Na partida do pr\u00f3ximo s\u00e1bado entre Murici e Campinense, pela segunda rodada do Grupo A8 da S\u00e9rie D, uma hist\u00f3ria familiar entrar\u00e1 em campo. O lateral-esquerdo do Campinense Alex Murici, revelado na base do Alviverde alagoano, enfrentar\u00e1 seu irm\u00e3o, Careca, e seu cunhado, Gu\u00eaba, que est\u00e3o defendendo o Murici.<\/p>\n<p dir=\"ltr\">A volta de Alex Murici ser\u00e1 especial. Al\u00e9m de ser revelado pelo clube da Zona da Mata, o jogador conquistou o t\u00edtulo mais importante da hist\u00f3ria do clube, o Campeonato Alagoano de 2010. Com passagens por clubes como CRB, Santa Rita, CSE, Mixto-MT, Central-PE, URT-MG, Cuiab\u00e1, Itabaiana e Portuguesa, o jogador rodou bastante o pa\u00eds at\u00e9 reencontrar o time que o revelou em uma competi\u00e7\u00e3o nacional. Com 28 anos, o jogador se mostrou animado com a oportunidade de enfrentar o seu irm\u00e3o e cunhado jogando pelo clube que o revelou.<\/p>\n<p dir=\"ltr\">&#8211; A expectativa \u00e9 muito grande. Poder voltar a cidade que nasci e jogar contra o clube que me revelou. \u00c9 um lugar onde tive sucesso, fui campe\u00e3o junto com meu irm\u00e3o, que tenho muito orgulho, o amo muito. O Gueba tamb\u00e9m, um cara que faz parte da minha fam\u00edlia. Tenho muito orgulho de ser alagoano de ser de Murici &#8211; declarou o jogador, que enfrenta pela primeira vez os familiares.<\/p>\n<p dir=\"ltr\"><a href=\"http:\/\/www.muricionline.com.br\/novo\/wp-content\/uploads\/2018\/04\/images-82.jpeg\"><img loading=\"lazy\" decoding=\"async\" class=\"aligncenter size-full wp-image-8433\" src=\"http:\/\/www.muricionline.com.br\/novo\/wp-content\/uploads\/2018\/04\/images-82.jpeg\" alt=\"\" width=\"443\" height=\"332\" srcset=\"http:\/\/www.muricionline.com.br\/novo\/wp-content\/uploads\/2018\/04\/images-82.jpeg 443w, http:\/\/www.muricionline.com.br\/novo\/wp-content\/uploads\/2018\/04\/images-82-300x225.jpeg 300w\" sizes=\"(max-width: 443px) 100vw, 443px\" \/><\/a><\/p>\n<p dir=\"ltr\">Do outro lado, o lateral-esquerdo Careca e o volante Gu\u00eaba tiveram uma trajet\u00f3ria de muitos clubes pelo interior alagoano. Os jogadores fazem parte do elenco do Murici que foi montado \u00e0s pressas para a disputa da S\u00e9rie D, ap\u00f3s o clube escapar do rebaixamento no estadual. O volante comentou a sua rela\u00e7\u00e3o com o cunhado e rival deste s\u00e1bado.<\/p>\n<p dir=\"ltr\">&#8211; \u00c9 uma honra jogar contra um jogador diferenciado como Alex Murici. Sei do potencial dele, jogamos muito tempo junto e pela primeira vez, vamos nos enfrentar. Isso faz parte do futebol e que ven\u00e7a o melhor dentro das quatro linhas &#8211; disse o volante.<\/p>\n<p dir=\"ltr\">Ap\u00f3s a estreia com derrota para o Flamengo de Arco Verde, o Murici teve a semana para trabalhar com o t\u00e9cnico Edson Ferreira, que foi apresentado dias antes da estreia da equipe no Brasileiro. A partida no Jos\u00e9 Gomes da Costa est\u00e1 marcada para \u00e0s 16h deste s\u00e1bado.<\/p>\n<p dir=\"ltr\">Com Globo esporte \/&nbsp; Smack Neto colaborou.<\/p>\n<span style=\"clear:both;display:none;\"><img src=\"http:\/\/www.muricionline.com.br\/novo\/wp-content\/plugins\/wp-spamfree\/img\/wpsf-img.php\" width=\"0\" height=\"0\" alt=\"\" style=\"border-style:none;width:0px;height:0px;display:none;\" \/><\/span>","protected":false},"excerpt":{"rendered":"<p>Alex Murici, lateral-esquerdo da equipe paraibana, ir\u00e1 reencontrar o clube que o revelou e onde joga seu irm\u00e3o, o lateral-direito Careca, e o seu cunhado, volante Gu\u00eaba Os caminhos da bola muitas vezes escrevem boas hist\u00f3rias. Hist\u00f3rias de todos os tipos acabam sendo contadas atrav\u00e9s do futebol. Na partida do pr\u00f3ximo s\u00e1bado entre Murici e&#8230;<\/p>\n","protected":false},"author":1,"featured_media":8432,"comment_status":"open","ping_status":"open","sticky":false,"template":"","format":"standard","meta":{"footnotes":""},"categories":[1],"tags":[5],"_links":{"self":[{"href":"http:\/\/www.muricionline.com.br\/novo\/index.php?rest_route=\/wp\/v2\/posts\/8428"}],"collection":[{"href":"http:\/\/www.muricionline.com.br\/novo\/index.php?rest_route=\/wp\/v2\/posts"}],"about":[{"href":"http:\/\/www.muricionline.com.br\/novo\/index.php?rest_route=\/wp\/v2\/types\/post"}],"author":[{"embeddable":true,"href":"http:\/\/www.muricionline.com.br\/novo\/index.php?rest_route=\/wp\/v2\/users\/1"}],"replies":[{"embeddable":true,"href":"http:\/\/www.muricionline.com.br\/novo\/index.php?rest_route=%2Fwp%2Fv2%2Fcomments&post=8428"}],"version-history":[{"count":2,"href":"http:\/\/www.muricionline.com.br\/novo\/index.php?rest_route=\/wp\/v2\/posts\/8428\/revisions"}],"predecessor-version":[{"id":8434,"href":"http:\/\/www.muricionline.com.br\/novo\/index.php?rest_route=\/wp\/v2\/posts\/8428\/revisions\/8434"}],"wp:featuredmedia":[{"embeddable":true,"href":"http:\/\/www.muricionline.com.br\/novo\/index.php?rest_route=\/wp\/v2\/media\/8432"}],"wp:attachment":[{"href":"http:\/\/www.muricionline.com.br\/novo\/index.php?rest_route=%2Fwp%2Fv2%2Fmedia&parent=8428"}],"wp:term":[{"taxonomy":"category","embeddable":true,"href":"http:\/\/www.muricionline.com.br\/novo\/index.php?rest_route=%2Fwp%2Fv2%2Fcategories&post=8428"},{"taxonomy":"post_tag","embeddable":true,"href":"http:\/\/www.muricionline.com.br\/novo\/index.php?rest_route=%2Fwp%2Fv2%2Ftags&post=8428"}],"curies":[{"name":"wp","href":"https:\/\/api.w.org\/{rel}","templated":true}]}}