{"id":8435,"date":"2018-04-27T17:18:14","date_gmt":"2018-04-27T20:18:14","guid":{"rendered":"http:\/\/www.muricionline.com.br\/novo\/?p=8435"},"modified":"2018-04-27T17:18:44","modified_gmt":"2018-04-27T20:18:44","slug":"verdao-fecha-preparacao-e-esta-pronto-para-encarar-o-campinense","status":"publish","type":"post","link":"http:\/\/www.muricionline.com.br\/novo\/?p=8435","title":{"rendered":"Verd\u00e3o fecha prepara\u00e7\u00e3o e est\u00e1 pronto para encarar o Campinense"},"content":{"rendered":"<p>O Murici encerrou, na manh\u00e3 desta sexta-feira, sua prepara\u00e7\u00e3o para a segunda partida da fase de classifica\u00e7\u00e3o da S\u00e9rie D do Campeonato Brasileiro. Neste s\u00e1bado, o Verd\u00e3o&nbsp; recebe o Campinense-PB, \u00e0s 16h, no Jos\u00e9 Gomes da Costa.<\/p>\n<p dir=\"ltr\">As atividades deste s\u00e1bado come\u00e7aram com um treino t\u00e1tico, em seguida houve um descontra\u00eddo rach\u00e3o. Por fim, alguns jogadores treinaram jogadas a\u00e9reas enquanto o t\u00e9cnico Edson Ferreira&nbsp; conversou com outra parte do grupo no centro do gramado.<\/p>\n<p dir=\"ltr\">Logo ap\u00f3s o treino, os 19 atletas relacionados para apartida contra o rubro-negro paraibano entraram em regime de concentra\u00e7\u00e3o.<\/p>\n<p dir=\"ltr\"><strong>Confira os relacionados para o duelo contra o Campinense-PB:<\/strong><\/p>\n<p dir=\"ltr\">&nbsp;<\/p>\n<p dir=\"ltr\"><strong>Goleiros:<\/strong> Dias e Leo<\/p>\n<p dir=\"ltr\"><strong>Laterais:<\/strong> Joaninha, L\u00e9o e Careca<\/p>\n<p dir=\"ltr\"><strong>Zagueiros:<\/strong> Sinval e&nbsp; Nicolas<\/p>\n<p dir=\"ltr\"><strong>Volantes:<\/strong> Gueba, Vinicius, Berg e S\u00e1vio<\/p>\n<p dir=\"ltr\"><strong>Meias:<\/strong> Marcelinho, Tonton, Willian e&nbsp; Michael<\/p>\n<p dir=\"ltr\"><strong>Atacantes:<\/strong> Fabinho, Zinho, Neguinho Para\u00edba e Jonny<\/p>\n<p dir=\"ltr\">&nbsp;<\/p>\n<span style=\"clear:both;display:none;\"><img src=\"http:\/\/www.muricionline.com.br\/novo\/wp-content\/plugins\/wp-spamfree\/img\/wpsf-img.php\" width=\"0\" height=\"0\" alt=\"\" style=\"border-style:none;width:0px;height:0px;display:none;\" \/><\/span>","protected":false},"excerpt":{"rendered":"<p>O Murici encerrou, na manh\u00e3 desta sexta-feira, sua prepara\u00e7\u00e3o para a segunda partida da fase de classifica\u00e7\u00e3o da S\u00e9rie D do Campeonato Brasileiro. Neste s\u00e1bado, o Verd\u00e3o&nbsp; recebe o Campinense-PB, \u00e0s 16h, no Jos\u00e9 Gomes da Costa. As atividades deste s\u00e1bado come\u00e7aram com um treino t\u00e1tico, em seguida houve um descontra\u00eddo rach\u00e3o. Por fim, alguns&#8230;<\/p>\n","protected":false},"author":1,"featured_media":8436,"comment_status":"open","ping_status":"open","sticky":false,"template":"","format":"standard","meta":{"footnotes":""},"categories":[9],"tags":[],"_links":{"self":[{"href":"http:\/\/www.muricionline.com.br\/novo\/index.php?rest_route=\/wp\/v2\/posts\/8435"}],"collection":[{"href":"http:\/\/www.muricionline.com.br\/novo\/index.php?rest_route=\/wp\/v2\/posts"}],"about":[{"href":"http:\/\/www.muricionline.com.br\/novo\/index.php?rest_route=\/wp\/v2\/types\/post"}],"author":[{"embeddable":true,"href":"http:\/\/www.muricionline.com.br\/novo\/index.php?rest_route=\/wp\/v2\/users\/1"}],"replies":[{"embeddable":true,"href":"http:\/\/www.muricionline.com.br\/novo\/index.php?rest_route=%2Fwp%2Fv2%2Fcomments&post=8435"}],"version-history":[{"count":2,"href":"http:\/\/www.muricionline.com.br\/novo\/index.php?rest_route=\/wp\/v2\/posts\/8435\/revisions"}],"predecessor-version":[{"id":8438,"href":"http:\/\/www.muricionline.com.br\/novo\/index.php?rest_route=\/wp\/v2\/posts\/8435\/revisions\/8438"}],"wp:featuredmedia":[{"embeddable":true,"href":"http:\/\/www.muricionline.com.br\/novo\/index.php?rest_route=\/wp\/v2\/media\/8436"}],"wp:attachment":[{"href":"http:\/\/www.muricionline.com.br\/novo\/index.php?rest_route=%2Fwp%2Fv2%2Fmedia&parent=8435"}],"wp:term":[{"taxonomy":"category","embeddable":true,"href":"http:\/\/www.muricionline.com.br\/novo\/index.php?rest_route=%2Fwp%2Fv2%2Fcategories&post=8435"},{"taxonomy":"post_tag","embeddable":true,"href":"http:\/\/www.muricionline.com.br\/novo\/index.php?rest_route=%2Fwp%2Fv2%2Ftags&post=8435"}],"curies":[{"name":"wp","href":"https:\/\/api.w.org\/{rel}","templated":true}]}}