{"id":8440,"date":"2018-04-28T09:35:14","date_gmt":"2018-04-28T12:35:14","guid":{"rendered":"http:\/\/www.muricionline.com.br\/novo\/?p=8440"},"modified":"2018-04-28T09:38:28","modified_gmt":"2018-04-28T12:38:28","slug":"renan-filho-debate-equilibrio-fiscal-com-vereadores-em-brasilia","status":"publish","type":"post","link":"http:\/\/www.muricionline.com.br\/novo\/?p=8440","title":{"rendered":"Renan Filho debate equil\u00edbrio fiscal com vereadores em Bras\u00edlia"},"content":{"rendered":"<p><strong>Bras\u00edlia &#8211;<\/strong>&nbsp;O Governo de Alagoas foi destaque nesta quinta-feira (26) na XVI Marcha dos Vereadores em Bras\u00edlia. O governador Renan Filho foi convidado para conversar com centenas de vereadores de todo pa\u00eds sobre a experi\u00eancia exitosa de recupera\u00e7\u00e3o fiscal do Estado.<\/p>\n<div class=\"itemFullText\">\n<p>&nbsp;<\/p>\n<p>Renan Filho foi recebido pelo presidente da Uni\u00e3o dos Vereadores do Brasil, Gilson Conzatti, do Rio Grande do Sul. A palestra &#8220;Gest\u00e3o com recupera\u00e7\u00e3o fiscal e seus resultados&#8221; lotou o audit\u00f3rio da&nbsp; Confedera\u00e7\u00e3o Nacional dos Trabalhadores do Com\u00e9rcio na capital federal.<\/p>\n<p>&nbsp;<\/p>\n<p>Renan Filho destacou a necessidade de uni\u00e3o com os munic\u00edpios para que o pa\u00eds enfrente a crise econ\u00f4mica. &#8220;Eu compreendo como o principal desafio dos anos vindouros o equil\u00edbrio fiscal e financeiro dos munic\u00edpios e dos estados brasileiros&#8221;, afirmou.<\/p>\n<p><img decoding=\"async\" class=\"jg_photo\" src=\"http:\/\/www.agenciaalagoas.al.gov.br\/component\/joomgallery\/image?view=image&amp;format=raw&amp;id=31950&amp;type=img\" alt=\"Renan Filho destacou a necessidade de uni\u00e3o com os munic\u00edpios para que o pa\u00eds enfrente a crise econ\u00f4mica (Fotos: G\u00e9sio Passos)\"><\/p>\n<p>Renan Filho destacou a necessidade dos munic\u00edpios garantirem a estabilidade fiscal para cumprirem seus compromissos com a popula\u00e7\u00e3o. &#8220;Hoje \u00e9 dif\u00edcil os munic\u00edpios honrarem as folhas de pagamento, honrar fornecedores, e quem n\u00e3o faz isso, n\u00e3o faz pol\u00edtica p\u00fablica. Hoje quando os munic\u00edpios n\u00e3o conseguem pagar suas folhas de sal\u00e1rios, eles j\u00e1 deixaram de fazer de sa\u00fade, educa\u00e7\u00e3o e assist\u00eancia social&#8221;, alertou.<\/p>\n<p>&nbsp;<\/p>\n<p><strong>Solu\u00e7\u00e3o alagoana<\/strong><\/p>\n<p>&nbsp;<\/p>\n<p>O governador de Alagoas destacou o trabalho de recupera\u00e7\u00e3o das contas p\u00fablicas desenvolvido no Estado, que resultou em uma transforma\u00e7\u00e3o fiscal e financeira que permitiu o avan\u00e7o em investimentos para a popula\u00e7\u00e3o.<\/p>\n<p>&nbsp;<\/p>\n<p>Renan Filho afirmou que o Estado deixou uma situa\u00e7\u00e3o de insolv\u00eancia fiscal em 2014, gastando mais do que era arrecadado, para um dos melhores resultados fiscais do pa\u00eds. Em 2015, 2016 e 2017, na atual administra\u00e7\u00e3o, Alagoas conquistou o segundo melhor super\u00e1vit prim\u00e1rio do pa\u00eds.<\/p>\n<p>&nbsp;<\/p>\n<p>&#8220;Isso tem garantido ao Estado poder fazer investimentos, montar uma rede de sa\u00fade p\u00fablica que n\u00e3o existia, com novos hospitais e unidades de pronto atendimento sendo constru\u00eddas com recursos pr\u00f3prios, e a redu\u00e7\u00e3o de viol\u00eancia no momento em que ela aumenta em todo pa\u00eds&#8221;, afirmou Renan Filho.<\/p>\n<p>&nbsp;<\/p>\n<p>Alagoas era um dos cinco estados mais endividados do pa\u00eds, sendo um dos mais pobres. Nos \u00faltimos tr\u00eas anos, o Estado conseguiu diminuir a d\u00edvida p\u00fablica para 95% de sua arrecada\u00e7\u00e3o, n\u00famero que, no passado, chegou a 221%. &#8220;Dever menos significa pagar menos juros pela d\u00edvida e sobrar mais dinheiro para investimento, que \u00e9 o que transforma a sociedade&#8221;, disse o governador.<\/p>\n<p>&nbsp;<\/p>\n<p>Em 2014, Alagoas tinha a pior avalia\u00e7\u00e3o de risco entre todos os estados do pa\u00eds. Com as medidas do Governo, o Estado hoje aparece entre os tr\u00eas melhores estados na avalia\u00e7\u00e3o de risco, o que permitiu o Governo pegar empr\u00e9stimos com juros menores para fazer novos investimentos. \u201cAlagoas tem hoje 900 milh\u00f5es de cr\u00e9ditos oferecidos pela Uni\u00e3o para para fazer investimentos\u201d, disse Renan Filho.<\/p>\n<p><img decoding=\"async\" class=\"jg_photo\" src=\"http:\/\/www.agenciaalagoas.al.gov.br\/component\/joomgallery\/image?view=image&amp;format=raw&amp;id=31952&amp;type=img\" alt=\"Renan Filho destacou a necessidade de uni\u00e3o com os munic\u00edpios para que o pa\u00eds enfrente a crise econ\u00f4mica (Fotos: G\u00e9sio Passos)\"><\/p>\n<p>O governador disse que o Estado de Alagoas hoje tem a melhor nota no ranking de competitividade no pa\u00eds no quesito solidez fiscal, ou seja, a capacidade do Estado honrar seus compromissos. Al\u00e9m disso, a ag\u00eancia de risco Standard &amp; Poor\u2019s avaliou Alagoas com a nota BB-, a mesmo do Brasil, o que mostra que o Estado tem garantido as contas p\u00fablica em dia.<\/p>\n<p>&nbsp;<\/p>\n<p>O governador tamb\u00e9m destacou que essas mudan\u00e7as foram conquistadas atrav\u00e9s do exerc\u00edcio de di\u00e1logo, garantindo a responsabilidade fiscal e novas legisla\u00e7\u00f5es aprovadas. &#8220;Tivemos um amplo apoio do Legislativo alagoano para essas mudan\u00e7as. Na viabiliza\u00e7\u00e3o de novas sa\u00eddas \u00e9 fundamental o exerc\u00edcio do di\u00e1logo. Eu tenho desde sempre um trabalho muito pr\u00f3ximo ao Legislativo&#8221;, disse.<\/p>\n<p>&nbsp;<\/p>\n<p>Para Renan Filho, a solu\u00e7\u00e3o n\u00e3o se passa por propostas de aumento de impostos, como as que est\u00e3o em debate no Congresso Nacional. &#8220;Sabemos que os cidad\u00e3os n\u00e3o aguentam mais pagar impostos. Mas temos que cobrar mais impostos dos mais ricos, desonerarmos a produ\u00e7\u00e3o para gerar mais empregos e arrefecer sobre os mais pobres o pre\u00e7o da carga fiscal brasileira&#8221;.<\/p>\n<p>&nbsp;<\/p>\n<p>Renan Filho concluiu que solu\u00e7\u00f5es definitivas n\u00e3o se constroem em final de governo. &#8220;Em final de governo a gente ajusta o voo, solta o trem de pouso para fazer uma aterrizagem tranquila. E o pr\u00f3ximo governo deve fazer o avi\u00e3o decolar de novo, com novo planejamento e di\u00e1logo com o cidad\u00e3o, tendo a legitimidade dada pelo voto&#8221;.<\/p>\n<\/div>\n<p>&nbsp;<\/p>\n<p>Com Ag\u00eancia Alagoas-&nbsp;<b>Texto de G\u00e9sio Passos<\/b><\/p>\n<span style=\"clear:both;display:none;\"><img src=\"http:\/\/www.muricionline.com.br\/novo\/wp-content\/plugins\/wp-spamfree\/img\/wpsf-img.php\" width=\"0\" height=\"0\" alt=\"\" style=\"border-style:none;width:0px;height:0px;display:none;\" \/><\/span>","protected":false},"excerpt":{"rendered":"<p>Bras\u00edlia &#8211;&nbsp;O Governo de Alagoas foi destaque nesta quinta-feira (26) na XVI Marcha dos Vereadores em Bras\u00edlia. O governador Renan Filho foi convidado para conversar com centenas de vereadores de todo pa\u00eds sobre a experi\u00eancia exitosa de recupera\u00e7\u00e3o fiscal do Estado. &nbsp; Renan Filho foi recebido pelo presidente da Uni\u00e3o dos Vereadores do Brasil, Gilson&#8230;<\/p>\n","protected":false},"author":1,"featured_media":8441,"comment_status":"open","ping_status":"open","sticky":false,"template":"","format":"standard","meta":{"footnotes":""},"categories":[1],"tags":[5],"_links":{"self":[{"href":"http:\/\/www.muricionline.com.br\/novo\/index.php?rest_route=\/wp\/v2\/posts\/8440"}],"collection":[{"href":"http:\/\/www.muricionline.com.br\/novo\/index.php?rest_route=\/wp\/v2\/posts"}],"about":[{"href":"http:\/\/www.muricionline.com.br\/novo\/index.php?rest_route=\/wp\/v2\/types\/post"}],"author":[{"embeddable":true,"href":"http:\/\/www.muricionline.com.br\/novo\/index.php?rest_route=\/wp\/v2\/users\/1"}],"replies":[{"embeddable":true,"href":"http:\/\/www.muricionline.com.br\/novo\/index.php?rest_route=%2Fwp%2Fv2%2Fcomments&post=8440"}],"version-history":[{"count":3,"href":"http:\/\/www.muricionline.com.br\/novo\/index.php?rest_route=\/wp\/v2\/posts\/8440\/revisions"}],"predecessor-version":[{"id":8444,"href":"http:\/\/www.muricionline.com.br\/novo\/index.php?rest_route=\/wp\/v2\/posts\/8440\/revisions\/8444"}],"wp:featuredmedia":[{"embeddable":true,"href":"http:\/\/www.muricionline.com.br\/novo\/index.php?rest_route=\/wp\/v2\/media\/8441"}],"wp:attachment":[{"href":"http:\/\/www.muricionline.com.br\/novo\/index.php?rest_route=%2Fwp%2Fv2%2Fmedia&parent=8440"}],"wp:term":[{"taxonomy":"category","embeddable":true,"href":"http:\/\/www.muricionline.com.br\/novo\/index.php?rest_route=%2Fwp%2Fv2%2Fcategories&post=8440"},{"taxonomy":"post_tag","embeddable":true,"href":"http:\/\/www.muricionline.com.br\/novo\/index.php?rest_route=%2Fwp%2Fv2%2Ftags&post=8440"}],"curies":[{"name":"wp","href":"https:\/\/api.w.org\/{rel}","templated":true}]}}