{"id":8445,"date":"2018-04-28T09:54:34","date_gmt":"2018-04-28T12:54:34","guid":{"rendered":"http:\/\/www.muricionline.com.br\/novo\/?p=8445"},"modified":"2018-04-28T09:55:11","modified_gmt":"2018-04-28T12:55:11","slug":"santana-do-mundau-sedia-62a-plenaria-estadual-dos-conselheiros-e-ex-conselheiros-tutelares-de-alagoas","status":"publish","type":"post","link":"http:\/\/www.muricionline.com.br\/novo\/?p=8445","title":{"rendered":"Santana do Munda\u00fa sedia 62\u00aa Plen\u00e1ria Estadual\u00a0dos Conselheiros e Ex-Conselheiros Tutelares de Alagoas"},"content":{"rendered":"<p>Nos dias 26 e 27 de abril, o munic\u00edpio de Santana do Munda\u00fa sediou a&nbsp;62\u00aa Plen\u00e1ria Estadual&nbsp;dos Conselheiros e Ex-Conselheiros Tutelares de Alagoas.&nbsp;Conduzido pelo prefeito Arthur Freitas, o evento que&nbsp;teve a participa\u00e7\u00e3o de secret\u00e1rios municipais, autoridades e representantes da&nbsp;sociedade civil, contou com&nbsp;muita troca de informa\u00e7\u00f5es, debates de pol\u00edticas p\u00fablicas, palestras dos promotores, Carlos Davi e Ubirajara Ramos, e do advogado, Jos\u00e9 Edmilson, al\u00e9m de apresenta\u00e7\u00f5es culturais.<\/p>\n<p>Com o tema: &#8216;A import\u00e2ncia do Conselho Tutelar para a sociedade&#8217;,&nbsp;durante dois dias, os participantes tiveram a&nbsp;oportunidade de discutir a import\u00e2ncia da atua\u00e7\u00e3o do Conselho Tutelar e alinhar&nbsp;propostas que visam fortalecer a rede de prote\u00e7\u00e3o das crian\u00e7as&nbsp;e adolescentes.&nbsp;<\/p>\n<p><span style=\"color: #1d2129; font-family: Helvetica, Arial, sans-serif;\">O prefeito avaliou positivamente o encontro. &#8220;<\/span>Temos um relacionamento muito bom com o Conselho. Aqui&nbsp;em Santana do Munda\u00fa, eles t\u00eam&nbsp;liberdade para despachar diretamente comigo, com a secret\u00e1ria de Assist\u00eancia Social, Lara Cavalcante, e com demais integrantes da nossa administra\u00e7\u00e3o. Por seu&nbsp;trabalho s\u00e9rio e de engajamento na causa das crian\u00e7as e dos adolescentes, eles contam&nbsp;com nosso integral reconhecimento e apoio&#8221;, destacou, Freitas.<\/p>\n<span style=\"clear:both;display:none;\"><img src=\"http:\/\/www.muricionline.com.br\/novo\/wp-content\/plugins\/wp-spamfree\/img\/wpsf-img.php\" width=\"0\" height=\"0\" alt=\"\" style=\"border-style:none;width:0px;height:0px;display:none;\" \/><\/span>","protected":false},"excerpt":{"rendered":"<p>Nos dias 26 e 27 de abril, o munic\u00edpio de Santana do Munda\u00fa sediou a&nbsp;62\u00aa Plen\u00e1ria Estadual&nbsp;dos Conselheiros e Ex-Conselheiros Tutelares de Alagoas.&nbsp;Conduzido pelo prefeito Arthur Freitas, o evento que&nbsp;teve a participa\u00e7\u00e3o de secret\u00e1rios municipais, autoridades e representantes da&nbsp;sociedade civil, contou com&nbsp;muita troca de informa\u00e7\u00f5es, debates de pol\u00edticas p\u00fablicas, palestras dos promotores, Carlos Davi e&#8230;<\/p>\n","protected":false},"author":1,"featured_media":8446,"comment_status":"open","ping_status":"open","sticky":false,"template":"","format":"standard","meta":{"footnotes":""},"categories":[1],"tags":[5],"_links":{"self":[{"href":"http:\/\/www.muricionline.com.br\/novo\/index.php?rest_route=\/wp\/v2\/posts\/8445"}],"collection":[{"href":"http:\/\/www.muricionline.com.br\/novo\/index.php?rest_route=\/wp\/v2\/posts"}],"about":[{"href":"http:\/\/www.muricionline.com.br\/novo\/index.php?rest_route=\/wp\/v2\/types\/post"}],"author":[{"embeddable":true,"href":"http:\/\/www.muricionline.com.br\/novo\/index.php?rest_route=\/wp\/v2\/users\/1"}],"replies":[{"embeddable":true,"href":"http:\/\/www.muricionline.com.br\/novo\/index.php?rest_route=%2Fwp%2Fv2%2Fcomments&post=8445"}],"version-history":[{"count":1,"href":"http:\/\/www.muricionline.com.br\/novo\/index.php?rest_route=\/wp\/v2\/posts\/8445\/revisions"}],"predecessor-version":[{"id":8447,"href":"http:\/\/www.muricionline.com.br\/novo\/index.php?rest_route=\/wp\/v2\/posts\/8445\/revisions\/8447"}],"wp:featuredmedia":[{"embeddable":true,"href":"http:\/\/www.muricionline.com.br\/novo\/index.php?rest_route=\/wp\/v2\/media\/8446"}],"wp:attachment":[{"href":"http:\/\/www.muricionline.com.br\/novo\/index.php?rest_route=%2Fwp%2Fv2%2Fmedia&parent=8445"}],"wp:term":[{"taxonomy":"category","embeddable":true,"href":"http:\/\/www.muricionline.com.br\/novo\/index.php?rest_route=%2Fwp%2Fv2%2Fcategories&post=8445"},{"taxonomy":"post_tag","embeddable":true,"href":"http:\/\/www.muricionline.com.br\/novo\/index.php?rest_route=%2Fwp%2Fv2%2Ftags&post=8445"}],"curies":[{"name":"wp","href":"https:\/\/api.w.org\/{rel}","templated":true}]}}