{"id":8460,"date":"2018-04-29T12:26:45","date_gmt":"2018-04-29T15:26:45","guid":{"rendered":"http:\/\/www.muricionline.com.br\/novo\/?p=8460"},"modified":"2018-04-29T12:29:19","modified_gmt":"2018-04-29T15:29:19","slug":"8460","status":"publish","type":"post","link":"http:\/\/www.muricionline.com.br\/novo\/?p=8460","title":{"rendered":"11\u00aa Cavalgada do Trabalhador reunir\u00e1 vaqueirama no dia 1\u00ba de maio, em Murici"},"content":{"rendered":"<p>Murici ser\u00e1 tomada, no dia 1\u00ba de maio, por centenas de cavaleiros e amazonas na 11\u00aa Cavalgada do Trabalhador. A concentra\u00e7\u00e3o acontece em frente a Igreja Matriz, na parte baixa da cidade, a partir das 10h.<\/p>\n<p dir=\"ltr\">O roteiro a ser percorrido pelos cavaleiros e amazonas ser\u00e1 de aproximadamente&nbsp;10 km&nbsp;e contemplar\u00e1 as belezas naturais da zona rural do munic\u00edpio.<\/p>\n<p dir=\"ltr\">A chegada ser\u00e1 na Pra\u00e7a Vig\u00e1rio Jos\u00e9 Roberto. Na ocasi\u00e3o, haver\u00e1 show musical com a dupla Ci\u00e7inho &amp;&nbsp; Felip\u00e3o e a participa\u00e7\u00e3o do cantor&nbsp; Pit\u00fa e banda, entre outris artistas locais.<\/p>\n<p dir=\"ltr\"><strong>KITS:<\/strong><\/p>\n<p dir=\"ltr\"><strong>R$ 35,00<\/strong>, com direito a cafe da manh\u00e3, almo\u00e7o e 3 cervejas.<\/p>\n<p dir=\"ltr\">&nbsp;<\/p>\n<p dir=\"ltr\"><strong>Contato: (82) 99991-5051 com Ruth Bispo<\/strong><\/p>\n<p dir=\"ltr\"><a href=\"http:\/\/www.muricionline.com.br\/novo\/wp-content\/uploads\/2018\/04\/IMG-20180429-WA0062.jpg\"><img loading=\"lazy\" decoding=\"async\" class=\"aligncenter size-full wp-image-8464\" src=\"http:\/\/www.muricionline.com.br\/novo\/wp-content\/uploads\/2018\/04\/IMG-20180429-WA0062.jpg\" alt=\"\" width=\"563\" height=\"563\" srcset=\"http:\/\/www.muricionline.com.br\/novo\/wp-content\/uploads\/2018\/04\/IMG-20180429-WA0062.jpg 563w, http:\/\/www.muricionline.com.br\/novo\/wp-content\/uploads\/2018\/04\/IMG-20180429-WA0062-150x150.jpg 150w, http:\/\/www.muricionline.com.br\/novo\/wp-content\/uploads\/2018\/04\/IMG-20180429-WA0062-300x300.jpg 300w\" sizes=\"(max-width: 563px) 100vw, 563px\" \/><\/a><\/p>\n<span style=\"clear:both;display:none;\"><img src=\"http:\/\/www.muricionline.com.br\/novo\/wp-content\/plugins\/wp-spamfree\/img\/wpsf-img.php\" width=\"0\" height=\"0\" alt=\"\" style=\"border-style:none;width:0px;height:0px;display:none;\" \/><\/span>","protected":false},"excerpt":{"rendered":"<p>Murici ser\u00e1 tomada, no dia 1\u00ba de maio, por centenas de cavaleiros e amazonas na 11\u00aa Cavalgada do Trabalhador. A concentra\u00e7\u00e3o acontece em frente a Igreja Matriz, na parte baixa da cidade, a partir das 10h. O roteiro a ser percorrido pelos cavaleiros e amazonas ser\u00e1 de aproximadamente&nbsp;10 km&nbsp;e contemplar\u00e1 as belezas naturais da zona&#8230;<\/p>\n","protected":false},"author":1,"featured_media":8461,"comment_status":"open","ping_status":"open","sticky":false,"template":"","format":"standard","meta":{"footnotes":""},"categories":[7,1],"tags":[5],"_links":{"self":[{"href":"http:\/\/www.muricionline.com.br\/novo\/index.php?rest_route=\/wp\/v2\/posts\/8460"}],"collection":[{"href":"http:\/\/www.muricionline.com.br\/novo\/index.php?rest_route=\/wp\/v2\/posts"}],"about":[{"href":"http:\/\/www.muricionline.com.br\/novo\/index.php?rest_route=\/wp\/v2\/types\/post"}],"author":[{"embeddable":true,"href":"http:\/\/www.muricionline.com.br\/novo\/index.php?rest_route=\/wp\/v2\/users\/1"}],"replies":[{"embeddable":true,"href":"http:\/\/www.muricionline.com.br\/novo\/index.php?rest_route=%2Fwp%2Fv2%2Fcomments&post=8460"}],"version-history":[{"count":3,"href":"http:\/\/www.muricionline.com.br\/novo\/index.php?rest_route=\/wp\/v2\/posts\/8460\/revisions"}],"predecessor-version":[{"id":8465,"href":"http:\/\/www.muricionline.com.br\/novo\/index.php?rest_route=\/wp\/v2\/posts\/8460\/revisions\/8465"}],"wp:featuredmedia":[{"embeddable":true,"href":"http:\/\/www.muricionline.com.br\/novo\/index.php?rest_route=\/wp\/v2\/media\/8461"}],"wp:attachment":[{"href":"http:\/\/www.muricionline.com.br\/novo\/index.php?rest_route=%2Fwp%2Fv2%2Fmedia&parent=8460"}],"wp:term":[{"taxonomy":"category","embeddable":true,"href":"http:\/\/www.muricionline.com.br\/novo\/index.php?rest_route=%2Fwp%2Fv2%2Fcategories&post=8460"},{"taxonomy":"post_tag","embeddable":true,"href":"http:\/\/www.muricionline.com.br\/novo\/index.php?rest_route=%2Fwp%2Fv2%2Ftags&post=8460"}],"curies":[{"name":"wp","href":"https:\/\/api.w.org\/{rel}","templated":true}]}}