{"id":8467,"date":"2018-04-29T19:55:08","date_gmt":"2018-04-29T22:55:08","guid":{"rendered":"http:\/\/www.muricionline.com.br\/novo\/?p=8467"},"modified":"2018-04-29T19:55:36","modified_gmt":"2018-04-29T22:55:36","slug":"8467","status":"publish","type":"post","link":"http:\/\/www.muricionline.com.br\/novo\/?p=8467","title":{"rendered":"L\u00edder, vereador Aniz\u00e3o se destaca na Marcha de Vereadores 2018"},"content":{"rendered":"<p>O Vereador Jos\u00e9 An\u00edzio Amorin \u2013 Aniz\u00e3o, de Murici-AL, teve importante participa\u00e7\u00e3o na XVI Marcha dos Vereadores, que aconteceu de 23 a 26 de abril de 2018, em Bras\u00edlia\/DF.<\/p>\n<div class=\"elements-box\">\n<p>Articulador atento e com lideran\u00e7a conquistada juntos aos vereadores do Brasil, Aniz\u00e3o atuou diretamente durante a Marcha, sendo solicitado em diversos momentos do evento, como a composi\u00e7\u00e3o de mesas oficiais, mediador em diversos debates, reuni\u00f5es com vereadores, articula\u00e7\u00e3o pol\u00edtica, entrega de homenagens, posse da UVB Mulher entre outras importantes participa\u00e7\u00f5es do vereador de Alagoano.<\/p>\n<p>Como Superintendente Geral do Nordeste, Aniz\u00e3o trabalhou para que a regi\u00e3o marcasse presen\u00e7a em grande n\u00famero em Bras\u00edlia, e prova da sua lideran\u00e7a \u00e9 de que o Nordeste se apresentou com a maior caravana de todos os tempos. Na avalia\u00e7\u00e3o do presidente da UVB, vereador Gilson Conzatti, o papel desempenhado pelo eminente vereador de Murici, valoriza cada vez mais o parlamento municipal brasileiro, pois al\u00e9m de um competente vereador, \u00e9 um l\u00edder nato que exerce sua lideran\u00e7a com amor e total dedica\u00e7\u00e3o \u00e0 causa que ele tanto acredita que \u00e9 o legislativo municipal, destacou Conzatti.<\/p>\n<p>Conzatti afirmou ainda, que a presen\u00e7a do governador de Alagoas, Renan Filho, como palestrante se deve totalmente ao desempenho do l\u00edder Aniz\u00e3o, ele tratou diretamente com o governador e o resultado foi uma excelente apresenta\u00e7\u00e3o.<\/p>\n<p>\u201cA Uni\u00e3o dos Vereadores do Brasil \u2013 UVB, agradece publicamente ao desempenho e o amor que o vereador Aniz\u00e3o tem pela causa, sem contar o grande amigo que \u00e9, em todas as horas\u201d, finalizou o presidente da UVB.<\/p>\n<p>\u201cEste congresso demonstra a uni\u00e3o de um segmento t\u00e3o impressionante quanto o Legislativo local.\u201d Com esta declara\u00e7\u00e3o o governador de Alagoas, Renan Filho, deu in\u00edcio \u00e0 sua participa\u00e7\u00e3o na Marcha dos Vereadores 2018.<\/p>\n<p><a href=\"http:\/\/www.muricionline.com.br\/novo\/wp-content\/uploads\/2018\/04\/DSC_0596-1024x680.jpg\"><img loading=\"lazy\" decoding=\"async\" class=\"aligncenter size-full wp-image-8469\" src=\"http:\/\/www.muricionline.com.br\/novo\/wp-content\/uploads\/2018\/04\/DSC_0596-1024x680.jpg\" alt=\"\" width=\"1024\" height=\"680\" srcset=\"http:\/\/www.muricionline.com.br\/novo\/wp-content\/uploads\/2018\/04\/DSC_0596-1024x680.jpg 1024w, http:\/\/www.muricionline.com.br\/novo\/wp-content\/uploads\/2018\/04\/DSC_0596-1024x680-300x199.jpg 300w, http:\/\/www.muricionline.com.br\/novo\/wp-content\/uploads\/2018\/04\/DSC_0596-1024x680-768x510.jpg 768w\" sizes=\"(max-width: 1024px) 100vw, 1024px\" \/><\/a><\/p>\n<p>Economista de forma\u00e7\u00e3o, o governador foi chamado ao evento para tratar do tema&nbsp;<em>Gest\u00e3o com Recupera\u00e7\u00e3o Fiscal e Seus Resultados.&nbsp;<\/em>Para Calheiros, o principal desafio \u00e9 o equil\u00edbrio fiscal e financeiro dos estados e munic\u00edpios.<\/p>\n<p>A explana\u00e7\u00e3o do governador foi t\u00e9cnica, apresentando \u00edndices, rankings e conceitos importantes para o trabalho dos vereadores junto aos demais Poderes locais.<\/p>\n<p>\u201cNossos problemas tem que ser resolvidos por n\u00f3s mesmos\u201d, afirmou e completou explicando a forma como procurou fazer uma transforma\u00e7\u00e3o fiscal em seu estado. O caso de sucesso de Alagoas foi apresentado, apontando e analisando os resultados alcan\u00e7ados, al\u00e9m de demonstrar a trajet\u00f3ria da d\u00edvida e da d\u00edvida l\u00edquida\/RCL. \u201cEu tenho, desde sempre, um trabalho muito pr\u00f3ximo ao Legislativo.\u201d<\/p>\n<p>Renan Filho terminou sua participa\u00e7\u00e3o conclamando os participantes a seguirem um ideal: \u201cVamos, no ano 2018, cada um com seu caminho pol\u00edtico, com seus projetos, dar as m\u00e3os para garantir elei\u00e7\u00f5es justas.\u201d<\/p>\n<p>&nbsp;<\/p>\n<\/div>\n<p>Com UVB<\/p>\n<span style=\"clear:both;display:none;\"><img src=\"http:\/\/www.muricionline.com.br\/novo\/wp-content\/plugins\/wp-spamfree\/img\/wpsf-img.php\" width=\"0\" height=\"0\" alt=\"\" style=\"border-style:none;width:0px;height:0px;display:none;\" \/><\/span>","protected":false},"excerpt":{"rendered":"<p>O Vereador Jos\u00e9 An\u00edzio Amorin \u2013 Aniz\u00e3o, de Murici-AL, teve importante participa\u00e7\u00e3o na XVI Marcha dos Vereadores, que aconteceu de 23 a 26 de abril de 2018, em Bras\u00edlia\/DF. Articulador atento e com lideran\u00e7a conquistada juntos aos vereadores do Brasil, Aniz\u00e3o atuou diretamente durante a Marcha, sendo solicitado em diversos momentos do evento, como a&#8230;<\/p>\n","protected":false},"author":1,"featured_media":8468,"comment_status":"open","ping_status":"open","sticky":false,"template":"","format":"standard","meta":{"footnotes":""},"categories":[1],"tags":[5],"_links":{"self":[{"href":"http:\/\/www.muricionline.com.br\/novo\/index.php?rest_route=\/wp\/v2\/posts\/8467"}],"collection":[{"href":"http:\/\/www.muricionline.com.br\/novo\/index.php?rest_route=\/wp\/v2\/posts"}],"about":[{"href":"http:\/\/www.muricionline.com.br\/novo\/index.php?rest_route=\/wp\/v2\/types\/post"}],"author":[{"embeddable":true,"href":"http:\/\/www.muricionline.com.br\/novo\/index.php?rest_route=\/wp\/v2\/users\/1"}],"replies":[{"embeddable":true,"href":"http:\/\/www.muricionline.com.br\/novo\/index.php?rest_route=%2Fwp%2Fv2%2Fcomments&post=8467"}],"version-history":[{"count":2,"href":"http:\/\/www.muricionline.com.br\/novo\/index.php?rest_route=\/wp\/v2\/posts\/8467\/revisions"}],"predecessor-version":[{"id":8471,"href":"http:\/\/www.muricionline.com.br\/novo\/index.php?rest_route=\/wp\/v2\/posts\/8467\/revisions\/8471"}],"wp:featuredmedia":[{"embeddable":true,"href":"http:\/\/www.muricionline.com.br\/novo\/index.php?rest_route=\/wp\/v2\/media\/8468"}],"wp:attachment":[{"href":"http:\/\/www.muricionline.com.br\/novo\/index.php?rest_route=%2Fwp%2Fv2%2Fmedia&parent=8467"}],"wp:term":[{"taxonomy":"category","embeddable":true,"href":"http:\/\/www.muricionline.com.br\/novo\/index.php?rest_route=%2Fwp%2Fv2%2Fcategories&post=8467"},{"taxonomy":"post_tag","embeddable":true,"href":"http:\/\/www.muricionline.com.br\/novo\/index.php?rest_route=%2Fwp%2Fv2%2Ftags&post=8467"}],"curies":[{"name":"wp","href":"https:\/\/api.w.org\/{rel}","templated":true}]}}