{"id":8472,"date":"2018-05-01T08:30:13","date_gmt":"2018-05-01T11:30:13","guid":{"rendered":"http:\/\/www.muricionline.com.br\/novo\/?p=8472"},"modified":"2018-05-01T08:30:13","modified_gmt":"2018-05-01T11:30:13","slug":"governo-do-estado-inaugura-eixo-viario-deputado-oscar-fontes-lima-neste-sabado-5","status":"publish","type":"post","link":"http:\/\/www.muricionline.com.br\/novo\/?p=8472","title":{"rendered":"Governo do Estado inaugura Eixo Vi\u00e1rio Deputado Oscar Fontes Lima neste s\u00e1bado (5)"},"content":{"rendered":"<p>Da d\u00e9cada de 60 aos dias atuais o cen\u00e1rio urbano de Macei\u00f3 mudou drasticamente. O tr\u00e1fego intenso e o grande fluxo de ve\u00edculos se tornaram problemas recorrentes no cotidiano dos maceioenses. Agora, quase 60 anos depois, a Avenida Fernandes Lima ganhar\u00e1 um refor\u00e7o importante como alternativa vi\u00e1ria. Neste s\u00e1bado (5), \u00e0s 10h, o governador Renan Filho e o secret\u00e1rio de Transporte e Desenvolvimento Urbano, Mosart Amaral, entregam uma das mais aguardadas obras de mobilidade urbana da capital, o&nbsp;Eixo Vi\u00e1rio Deputado Oscar Fontes Lima.&nbsp;<\/p>\n<div class=\"itemBody\">\n<div class=\"itemFullText\">\n<p>&nbsp;<\/p>\n<p>O&nbsp;trecho possui 10 quil\u00f4metros no total, com caracter\u00edsticas de um bin\u00e1rio \u2013 vias paralelas de m\u00e3o \u00fanica e sentido contr\u00e1rio &#8211; conectando o Farol at\u00e9 o bairro da Gruta de Lourdes. O percurso ter\u00e1 in\u00edcio na rua Marieta Lages, na entrada da Super Pizza, e segue at\u00e9 a rua Abelardo Pontes Lima, que passa pelos fundos da Alg\u00e1s, pr\u00f3ximo ao Wallmart &#8211; antigo supermercado Hiper Bompre\u00e7o.<\/p>\n<p><strong><img decoding=\"async\" class=\"jg_photo\" src=\"http:\/\/www.agenciaalagoas.al.gov.br\/component\/joomgallery\/image?view=image&amp;format=raw&amp;id=32120&amp;type=img\" alt=\"Novas vias do Eixo Quartel estar\u00e3o liberadas para o tr\u00e1fego de ve\u00edculos neste s\u00e1bado (Foto : Ada\u00edlson Calheiros)\"><\/strong><\/p>\n<p>O Eixo \u00e9 formado por ruas que j\u00e1 existiam e agora foram readaptadas e conectadas entre si, proporcionando mais fluidez no trajeto de quem precisa transitar entre a parte baixa e alta de Macei\u00f3. Para isso, foram realizados servi\u00e7os de recapeamento em 31 ruas, al\u00e9m da implanta\u00e7\u00e3o de novas vias em tr\u00eas \u00e1reas: por tr\u00e1s do Quartel (denominada por decreto Avenida Marechal Hermes Ernesto da Fonseca), em um espa\u00e7o desapropriado que corta o Hospital do A\u00e7\u00facar e um trecho entre a rua Marieta Lages e a antiga rua Goi\u00e1s.<\/p>\n<p>&nbsp;<\/p>\n<p>Aliada \u00e0s estrat\u00e9gias de melhoria de tr\u00e1fego, o Eixo Vi\u00e1rio Deputado Oscar Fontes Lima tamb\u00e9m a proposta de criar mecanismos de resgate do conv\u00edvio social. Focado na promo\u00e7\u00e3o de lazer, pr\u00e1ticas de esporte, qualidade de vida e preven\u00e7\u00e3o a viol\u00eancia foi implantado o Parque Linear Dona Rosa da Fonseca, uma \u00e1rea de aproximadamente 600 metros com equipamentos urbanos, ilumina\u00e7\u00e3o p\u00fablica e estacionamento.<\/p>\n<p><strong><img decoding=\"async\" class=\"jg_photo\" src=\"http:\/\/www.agenciaalagoas.al.gov.br\/component\/joomgallery\/image?view=image&amp;format=raw&amp;id=32122&amp;type=img\" alt=\"Novas vias do Eixo Quartel estar\u00e3o liberadas para o tr\u00e1fego de ve\u00edculos neste s\u00e1bado (Foto : Ada\u00edlson Calheiros)\"><\/strong><\/p>\n<p>O Eixo Vi\u00e1rio Deputado Oscar Fontes Lima entrar\u00e1 em funcionamento neste s\u00e1bado e toda operacionaliza\u00e7\u00e3o do percurso ficar\u00e1 sob responsabilidade da Superintend\u00eancia Municipal de Transporte e Tr\u00e2nsito (SMTT), que orientar\u00e1 os motoristas e pedestres sobre o trajeto.<\/p>\n<p>&nbsp;<\/p>\n<\/div>\n<p>Com Ag\u00eancia Alagoas&nbsp;<\/p>\n<\/div>\n<span style=\"clear:both;display:none;\"><img src=\"http:\/\/www.muricionline.com.br\/novo\/wp-content\/plugins\/wp-spamfree\/img\/wpsf-img.php\" width=\"0\" height=\"0\" alt=\"\" style=\"border-style:none;width:0px;height:0px;display:none;\" \/><\/span>","protected":false},"excerpt":{"rendered":"<p>Da d\u00e9cada de 60 aos dias atuais o cen\u00e1rio urbano de Macei\u00f3 mudou drasticamente. O tr\u00e1fego intenso e o grande fluxo de ve\u00edculos se tornaram problemas recorrentes no cotidiano dos maceioenses. Agora, quase 60 anos depois, a Avenida Fernandes Lima ganhar\u00e1 um refor\u00e7o importante como alternativa vi\u00e1ria. Neste s\u00e1bado (5), \u00e0s 10h, o governador Renan&#8230;<\/p>\n","protected":false},"author":1,"featured_media":8473,"comment_status":"open","ping_status":"open","sticky":false,"template":"","format":"standard","meta":{"footnotes":""},"categories":[1],"tags":[5],"_links":{"self":[{"href":"http:\/\/www.muricionline.com.br\/novo\/index.php?rest_route=\/wp\/v2\/posts\/8472"}],"collection":[{"href":"http:\/\/www.muricionline.com.br\/novo\/index.php?rest_route=\/wp\/v2\/posts"}],"about":[{"href":"http:\/\/www.muricionline.com.br\/novo\/index.php?rest_route=\/wp\/v2\/types\/post"}],"author":[{"embeddable":true,"href":"http:\/\/www.muricionline.com.br\/novo\/index.php?rest_route=\/wp\/v2\/users\/1"}],"replies":[{"embeddable":true,"href":"http:\/\/www.muricionline.com.br\/novo\/index.php?rest_route=%2Fwp%2Fv2%2Fcomments&post=8472"}],"version-history":[{"count":1,"href":"http:\/\/www.muricionline.com.br\/novo\/index.php?rest_route=\/wp\/v2\/posts\/8472\/revisions"}],"predecessor-version":[{"id":8474,"href":"http:\/\/www.muricionline.com.br\/novo\/index.php?rest_route=\/wp\/v2\/posts\/8472\/revisions\/8474"}],"wp:featuredmedia":[{"embeddable":true,"href":"http:\/\/www.muricionline.com.br\/novo\/index.php?rest_route=\/wp\/v2\/media\/8473"}],"wp:attachment":[{"href":"http:\/\/www.muricionline.com.br\/novo\/index.php?rest_route=%2Fwp%2Fv2%2Fmedia&parent=8472"}],"wp:term":[{"taxonomy":"category","embeddable":true,"href":"http:\/\/www.muricionline.com.br\/novo\/index.php?rest_route=%2Fwp%2Fv2%2Fcategories&post=8472"},{"taxonomy":"post_tag","embeddable":true,"href":"http:\/\/www.muricionline.com.br\/novo\/index.php?rest_route=%2Fwp%2Fv2%2Ftags&post=8472"}],"curies":[{"name":"wp","href":"https:\/\/api.w.org\/{rel}","templated":true}]}}