{"id":8478,"date":"2018-05-04T07:54:46","date_gmt":"2018-05-04T10:54:46","guid":{"rendered":"http:\/\/www.muricionline.com.br\/novo\/?p=8478"},"modified":"2018-05-04T07:54:46","modified_gmt":"2018-05-04T10:54:46","slug":"em-reuniao-representantes-da-prefeitura-de-santana-do-mundau-discutem-plano-de-contingencia-para-quadra-chuvosa-com-3o-grupamento-do-bombeiro-militar","status":"publish","type":"post","link":"http:\/\/www.muricionline.com.br\/novo\/?p=8478","title":{"rendered":"Em reuni\u00e3o, representantes\u00a0da Prefeitura de Santana do Munda\u00fa\u00a0discutem\u00a0plano de conting\u00eancia\u00a0para quadra chuvosa\u00a0com\u00a03\u00ba Grupamento\u00a0do\u00a0Bombeiro Militar"},"content":{"rendered":"<p><span style=\"color: #545454; font-family: arial, sans-serif; font-size: small;\">Em reuni\u00e3o realizada no munic\u00edpio de Uni\u00e3o dos Palmares, os&nbsp;representantes&nbsp;da prefeitura de Santana do Munda\u00fa,&nbsp;Nelson Ferreira, Ananda Cordeiro e Quit\u00e9rio Fernandes,&nbsp;discutiram,&nbsp;juntamente com&nbsp;o Major Cavalcante e&nbsp;integrantes do&nbsp;3\u00ba Grupamento<\/span><span style=\"color: #545454; font-family: arial, sans-serif; font-size: small;\">&nbsp;do&nbsp;Bombeiro Militar,&nbsp;um&nbsp;plano de conting\u00eancia&nbsp;para quadra chuvosa. O objetivo \u00e9 a&nbsp;integra\u00e7\u00e3o dos \u00f3rg\u00e3os para que cada um saiba seu papel em caso de necessidade.<\/span><\/p>\n<div class=\"mail-message-content collapsible zoom-normal  \">\n<div class=\"clear\">\n<div dir=\"ltr\">\n<div dir=\"ltr\">\n<p>Para o prefeito Arthur Freitas, a&nbsp;a\u00e7\u00e3o visa&nbsp;somar esfor\u00e7os de diversos \u00f3rg\u00e3os, objetivando a preven\u00e7\u00e3o e minimiza\u00e7\u00e3o de impactos negativos das chuvas previstas para os pr\u00f3ximos meses.&nbsp;\u201cEstamos nos atualizando e nos preparando&nbsp;acerca de um&nbsp;conjunto de medidas &#8211;&nbsp;tanto de preven\u00e7\u00e3o, quanto de conting\u00eancia,para algum caso de emerg\u00eancia que possa surgir nesta \u00e9poca do ano. O mais importante, \u00e9 a popula\u00e7\u00e3o saber,&nbsp;que contamos com o apoio dos \u00f3rg\u00e3os respons\u00e1veis para a realiza\u00e7\u00e3o de&nbsp;a\u00e7\u00f5es coordenadas&nbsp;que prestem&nbsp;servi\u00e7os \u00e0 comunidade, se necess\u00e1rio for&#8221;, destaca.<\/p>\n<p>&nbsp;<\/p>\n<\/div>\n<p>Com Assessoria de Comunica\u00e7\u00e3o&nbsp;<\/p>\n<\/div>\n<\/div>\n<\/div>\n<span style=\"clear:both;display:none;\"><img src=\"http:\/\/www.muricionline.com.br\/novo\/wp-content\/plugins\/wp-spamfree\/img\/wpsf-img.php\" width=\"0\" height=\"0\" alt=\"\" style=\"border-style:none;width:0px;height:0px;display:none;\" \/><\/span>","protected":false},"excerpt":{"rendered":"<p>Em reuni\u00e3o realizada no munic\u00edpio de Uni\u00e3o dos Palmares, os&nbsp;representantes&nbsp;da prefeitura de Santana do Munda\u00fa,&nbsp;Nelson Ferreira, Ananda Cordeiro e Quit\u00e9rio Fernandes,&nbsp;discutiram,&nbsp;juntamente com&nbsp;o Major Cavalcante e&nbsp;integrantes do&nbsp;3\u00ba Grupamento&nbsp;do&nbsp;Bombeiro Militar,&nbsp;um&nbsp;plano de conting\u00eancia&nbsp;para quadra chuvosa. O objetivo \u00e9 a&nbsp;integra\u00e7\u00e3o dos \u00f3rg\u00e3os para que cada um saiba seu papel em caso de necessidade. Para o prefeito Arthur Freitas, a&nbsp;a\u00e7\u00e3o&#8230;<\/p>\n","protected":false},"author":1,"featured_media":8479,"comment_status":"open","ping_status":"open","sticky":false,"template":"","format":"standard","meta":{"footnotes":""},"categories":[1],"tags":[5],"_links":{"self":[{"href":"http:\/\/www.muricionline.com.br\/novo\/index.php?rest_route=\/wp\/v2\/posts\/8478"}],"collection":[{"href":"http:\/\/www.muricionline.com.br\/novo\/index.php?rest_route=\/wp\/v2\/posts"}],"about":[{"href":"http:\/\/www.muricionline.com.br\/novo\/index.php?rest_route=\/wp\/v2\/types\/post"}],"author":[{"embeddable":true,"href":"http:\/\/www.muricionline.com.br\/novo\/index.php?rest_route=\/wp\/v2\/users\/1"}],"replies":[{"embeddable":true,"href":"http:\/\/www.muricionline.com.br\/novo\/index.php?rest_route=%2Fwp%2Fv2%2Fcomments&post=8478"}],"version-history":[{"count":1,"href":"http:\/\/www.muricionline.com.br\/novo\/index.php?rest_route=\/wp\/v2\/posts\/8478\/revisions"}],"predecessor-version":[{"id":8480,"href":"http:\/\/www.muricionline.com.br\/novo\/index.php?rest_route=\/wp\/v2\/posts\/8478\/revisions\/8480"}],"wp:featuredmedia":[{"embeddable":true,"href":"http:\/\/www.muricionline.com.br\/novo\/index.php?rest_route=\/wp\/v2\/media\/8479"}],"wp:attachment":[{"href":"http:\/\/www.muricionline.com.br\/novo\/index.php?rest_route=%2Fwp%2Fv2%2Fmedia&parent=8478"}],"wp:term":[{"taxonomy":"category","embeddable":true,"href":"http:\/\/www.muricionline.com.br\/novo\/index.php?rest_route=%2Fwp%2Fv2%2Fcategories&post=8478"},{"taxonomy":"post_tag","embeddable":true,"href":"http:\/\/www.muricionline.com.br\/novo\/index.php?rest_route=%2Fwp%2Fv2%2Ftags&post=8478"}],"curies":[{"name":"wp","href":"https:\/\/api.w.org\/{rel}","templated":true}]}}