{"id":8484,"date":"2018-05-04T17:40:16","date_gmt":"2018-05-04T20:40:16","guid":{"rendered":"http:\/\/www.muricionline.com.br\/novo\/?p=8484"},"modified":"2018-05-04T17:40:16","modified_gmt":"2018-05-04T20:40:16","slug":"acai-concept-murici-sera-reinaugurado-neste-sabado-5","status":"publish","type":"post","link":"http:\/\/www.muricionline.com.br\/novo\/?p=8484","title":{"rendered":"A\u00e7a\u00ed Concept Murici ser\u00e1 reinaugurado neste s\u00e1bado (5)"},"content":{"rendered":"<p>O A\u00e7a\u00ed Concept, localizado na avenida Presidente Vargas, no centro de Murici, vai inaugurar neste s\u00e1bado (5), a nova administra\u00e7\u00e3o com mudan\u00e7as no atendimento e na parte f\u00edsica do local. A franquia da loja foi vendida pelos antigos donos,&nbsp;Leo Macei\u00f3 e Rick Magalh\u00e3es, em meados do m\u00eas de abril.<\/p>\n<p>&nbsp;<\/p>\n<p>A nova gestora passa a ser&nbsp;a dentista e agora empres\u00e1ria, Ta\u00eds Tolentino. \u201cVamos consolidar o &#8220;A\u00e7a\u00ed Concept Murici&#8221;, como um ponto de encontro para os muricienses e visitantes \u201d, diz a jovem empres\u00e1ria.<\/p>\n<p>Apesar da troca de administra\u00e7\u00e3o, o A\u00e7a\u00ed Concept n\u00e3o interrompeu as atividades. &nbsp;Ta\u00eds, ainda afirma que a reinaugura\u00e7\u00e3o \u00e9 uma pr\u00e9via do que est\u00e1 por vir. At\u00e9 dezembro, mudan\u00e7as nos produtos e na estrutura&nbsp;do local ser\u00e3o realizadas.<\/p>\n<p>&nbsp;<\/p>\n<p>Para celebrar a nova fase do estabelecimento, acontecer\u00e1, neste s\u00e1bado,&nbsp;show com o Cantor&nbsp;L\u00e9o Raick \u00e0 partir das 17h.<\/p>\n<span style=\"clear:both;display:none;\"><img src=\"http:\/\/www.muricionline.com.br\/novo\/wp-content\/plugins\/wp-spamfree\/img\/wpsf-img.php\" width=\"0\" height=\"0\" alt=\"\" style=\"border-style:none;width:0px;height:0px;display:none;\" \/><\/span>","protected":false},"excerpt":{"rendered":"<p>O A\u00e7a\u00ed Concept, localizado na avenida Presidente Vargas, no centro de Murici, vai inaugurar neste s\u00e1bado (5), a nova administra\u00e7\u00e3o com mudan\u00e7as no atendimento e na parte f\u00edsica do local. A franquia da loja foi vendida pelos antigos donos,&nbsp;Leo Macei\u00f3 e Rick Magalh\u00e3es, em meados do m\u00eas de abril. &nbsp; A nova gestora passa a&#8230;<\/p>\n","protected":false},"author":1,"featured_media":8485,"comment_status":"open","ping_status":"open","sticky":false,"template":"","format":"standard","meta":{"footnotes":""},"categories":[1],"tags":[5],"_links":{"self":[{"href":"http:\/\/www.muricionline.com.br\/novo\/index.php?rest_route=\/wp\/v2\/posts\/8484"}],"collection":[{"href":"http:\/\/www.muricionline.com.br\/novo\/index.php?rest_route=\/wp\/v2\/posts"}],"about":[{"href":"http:\/\/www.muricionline.com.br\/novo\/index.php?rest_route=\/wp\/v2\/types\/post"}],"author":[{"embeddable":true,"href":"http:\/\/www.muricionline.com.br\/novo\/index.php?rest_route=\/wp\/v2\/users\/1"}],"replies":[{"embeddable":true,"href":"http:\/\/www.muricionline.com.br\/novo\/index.php?rest_route=%2Fwp%2Fv2%2Fcomments&post=8484"}],"version-history":[{"count":1,"href":"http:\/\/www.muricionline.com.br\/novo\/index.php?rest_route=\/wp\/v2\/posts\/8484\/revisions"}],"predecessor-version":[{"id":8486,"href":"http:\/\/www.muricionline.com.br\/novo\/index.php?rest_route=\/wp\/v2\/posts\/8484\/revisions\/8486"}],"wp:featuredmedia":[{"embeddable":true,"href":"http:\/\/www.muricionline.com.br\/novo\/index.php?rest_route=\/wp\/v2\/media\/8485"}],"wp:attachment":[{"href":"http:\/\/www.muricionline.com.br\/novo\/index.php?rest_route=%2Fwp%2Fv2%2Fmedia&parent=8484"}],"wp:term":[{"taxonomy":"category","embeddable":true,"href":"http:\/\/www.muricionline.com.br\/novo\/index.php?rest_route=%2Fwp%2Fv2%2Fcategories&post=8484"},{"taxonomy":"post_tag","embeddable":true,"href":"http:\/\/www.muricionline.com.br\/novo\/index.php?rest_route=%2Fwp%2Fv2%2Ftags&post=8484"}],"curies":[{"name":"wp","href":"https:\/\/api.w.org\/{rel}","templated":true}]}}