{"id":8495,"date":"2018-05-06T08:19:17","date_gmt":"2018-05-06T11:19:17","guid":{"rendered":"http:\/\/www.muricionline.com.br\/novo\/?p=8495"},"modified":"2018-05-06T08:21:58","modified_gmt":"2018-05-06T11:21:58","slug":"iii-festival-em-cantos-de-alagoas-tem-inicio-na-terca-feira-8","status":"publish","type":"post","link":"http:\/\/www.muricionline.com.br\/novo\/?p=8495","title":{"rendered":"III Festival Em Cantos de Alagoas tem in\u00edcio na ter\u00e7a-feira (8)"},"content":{"rendered":"<p>O festival dedicado \u00e0 m\u00fasica popular genuinamente alagoana \u2018Em Cantos de Alagoas\u2019 chega a sua terceira edi\u00e7\u00e3o. Sucesso nos anos anteriores, o projeto busca descobrir novos talentos, valorizar os artistas locais, promover um interc\u00e2mbio art\u00edstico-cultural e oferecer ao p\u00fablico um evento de refer\u00eancia musical para Alagoas. A programa\u00e7\u00e3o tem in\u00edcio na ter\u00e7a-feira (8), a partir das 19h, no Teatro Gustavo Leite do Centro Cultural e de Exposi\u00e7\u00f5es Ruth Cardoso, em Jaragu\u00e1.<\/p>\n<p>Ao todo, 48 can\u00e7\u00f5es in\u00e9ditas foram selecionadas para participar do evento. Os inscritos foram julgados e escolhidos por uma comiss\u00e3o, por meio de uma soma aritm\u00e9tica simples das notas dos tr\u00eas respons\u00e1veis pela avalia\u00e7\u00e3o das inscri\u00e7\u00f5es.<\/p>\n<p>O certame premiar\u00e1 as melhores can\u00e7\u00f5es nas categorias melhor letra, melhor int\u00e9rprete, voto popular, melhor arranjo e classifica\u00e7\u00e3o t\u00e9cnica em 1\u00ba, 2\u00ba e 3\u00ba lugares. No total, ser\u00e3o investidos R$ 15,5 mil nas premia\u00e7\u00f5es.<\/p>\n<p>A etapa eliminat\u00f3ria do festival acontecer\u00e1 at\u00e9 o dia 10 de maio e, no dia 11, ser\u00e1 realizada a grande final.<\/p>\n<p>Confira a data e ordem das apresenta\u00e7\u00f5es:<\/p>\n<p>Ter\u00e7a-feira (08\/05)<\/p>\n<p>01- Terra santa \u2013 Autor: Benedito Pontes \u2013 Int\u00e9rprete: Kel Monalisa<\/p>\n<p>02- Me leva \u2013 Autor: Victor Leahy \u2013 Int\u00e9rpretes: Banda Harm\u00f4nica Duo, formada por Victor Leahy e Avany Cunha<\/p>\n<p>03- Tormenta \u2013 Autor e int\u00e9rprete: Eduardo Proffa<\/p>\n<p>04- No cora\u00e7\u00e3o dela tocar \u2013 Autor e int\u00e9rprete: Roberto Diamanso<\/p>\n<p>05- O quintal da minha casa \u00e9 o mar \u2013 Autor e int\u00e9rprete \u2013 Jan Cl\u00e1udio<\/p>\n<p>06- Caminhos \u2013 Autora e int\u00e9rprete: Mari da Costa<\/p>\n<p>07- Lua \u2013 Autor e int\u00e9rprete: Ricardo Campos<\/p>\n<p>08- Quando o dia acabar \u2013 Autora e int\u00e9rprete: La\u00eds Guimar\u00e3es<\/p>\n<p>09- Azul \u00e9 infinito \u2013 Autora e int\u00e9rprete: Ellen Farias<\/p>\n<p>10- Basta \u2013 Autores: Jorge Fernando Vieira e Carm\u00e9m Amorim \u2013 int\u00e9rprete: Carm\u00e9m Amorim<\/p>\n<p>11- Chove em Macei\u00f3 \u2013 Autor: Paulo C\u00e9sar Moreira dos Santos \u2013 Int\u00e9rprete: PC Lamar<\/p>\n<p>12- Verde \u2013 Autor e int\u00e9rprete: Phylipe Nunes Ara\u00fajo<\/p>\n<p>13- O gato \u2013 Autores: Chico Torres e Juliana Barbosa \u2013 Int\u00e9rpretes: Juliana Barbosa e Vera Marinho<\/p>\n<p>14- Apari\u00e7\u00e3o \u2013 Autor: Joselito Pereira dos Santos \u2013 Int\u00e9rprete: Banda Paranoise<\/p>\n<p>15- Na bilheteria \u2013 Autor: Ca\u00edque Guimar\u00e3es \u2013 Int\u00e9rprete: Jorg<\/p>\n<p>16- Seja algu\u00e9m \u2013 Autores: Lenivaldo Neto e Lucas Felipe \u2013 Int\u00e9rprete: Banda NF3<\/p>\n<p>Quarta-feira (09\/05)<\/p>\n<p>01- Um canto para Macei\u00f3 \u2013 Autor: Alexandro Roberto Gomes \u2013 Int\u00e9rprete: Alex Pareja<\/p>\n<p>02- Espet\u00e1culo vida \u2013 Autor e Int\u00e9rprete: Deninho Lins<\/p>\n<p>03- Poderoso Jah \u2013 Autor e int\u00e9rprete: Gidelson Costa da Silva<\/p>\n<p>04- Vai dar certo \u2013 Autor: Luciano Falc\u00e3o e Mel Nascimento \u2013 int\u00e9rprete: Mel Nascimento<\/p>\n<p>05- Toada caseira \u2013 Autores: Chico Elp\u00eddio e Pablo de Carvalho e int\u00e9rprete \u2013 Lara Melo<\/p>\n<p>06- Pela voz \u2013 Autor: Marcelo Ferreira Marques \u2013 int\u00e9rprete: Anne Marques<\/p>\n<p>07- Fracasso Mambembe \u2013 Autor e int\u00e9rprete: Marcio C\u00e1ssio J\u00fanior<\/p>\n<p>08- A seca e a chuva \u2013 Autor: Edilson Moreira (Pez\u00e3o) \u2013 int\u00e9rprete: Carlos Martins (Z\u00e9 Moc\u00f3)<\/p>\n<p>09- Dia a dia \u2013 Autor e int\u00e9rprete: Moacir Leandro Barbosa de Oliveira<\/p>\n<p>10- Elo de areia \u2013 Autora e Int\u00e9rprete: Thame Ferreira<\/p>\n<p>11- Prece \u00e0 rainha das \u00e1guas \u2013 Autor: Manoel David da Silva (David Beer) int\u00e9rprete: Grupo Sarar\u00e1 Criolo<\/p>\n<p>12- Ado\u00e7\u00e3o \u2013 Autore: Emanuel Dias de Oliveira \u2013 Int\u00e9rpretes: Emanuel Dias<\/p>\n<p>13- Alento \u2013 Autor: Brunno Torres \u2013 Int\u00e9rprete: Banda Freedom Songs<\/p>\n<p>14- Bem fadar \u2013 Autor: Andr\u00e9 Rodrigues do Nascimento \u2013 Int\u00e9rprete: Andr\u00e9 Rodrigues<\/p>\n<p>15- O frigor\u00edfico \u2013 Autor: Breno Ayran \u2013 Int\u00e9rprete: Banda Casa da Mata<\/p>\n<p>16- Riqueza natural \u2013 Autores e int\u00e9rpretes \u2013 Banda Verjah<\/p>\n<p>Quinta-feira (10\/05)<\/p>\n<p>01- Cada um \u2013 Autor: M\u00e1rio C\u00e9sar Lopes de Oliveira \u2013 Int\u00e9rprete: Diogo Oliveira<\/p>\n<p>02- Aprendi \u2013 Autor e Int\u00e9rprete: Lincon Lemberge<\/p>\n<p>03- Paquist\u00e3o \u2013 Autor e int\u00e9rprete: J\u00falio U\u00e7\u00e1<\/p>\n<p>04- Amor de qualquer jeito \u2013 Autor e int\u00e9rprete: Kemesson Lemos<\/p>\n<p>05- Altiva \u2013 Autores e int\u00e9rprete \u2013 Rodrigo Avelino<\/p>\n<p>06- A rosa \u2013 Autora e int\u00e9rprete: K\u00edssia Barros<\/p>\n<p>07- Alagoas \u2013 Autor e int\u00e9rprete: J\u00fanior Rocha<\/p>\n<p>08- Tantos outros \u2013 Autores: Alex Rodrigues e Edvaldo da Silva \u2013 int\u00e9rprete: Alex Rodrigues<\/p>\n<p>09- De le\u00e3o a camale\u00e3o \u2013 Autor e int\u00e9rprete: M\u00e1rio Erc<\/p>\n<p>10- Ser um passarinho \u2013 Autor: David Silva Ferreira \u2013 Int\u00e9rprete: Jonas Porf\u00edrio<\/p>\n<p>11- Alumiar \u2013 Autor e int\u00e9rprete: T\u00falio Xote<\/p>\n<p>12- Esses olhos cor do c\u00e9u \u2013 Autores: Raquel dos Santos Gon\u00e7alves e Cristiano Oliveira \u2013 Int\u00e9rpretes: F\u00e1bio e Cristiano<\/p>\n<p>13- Ch\u00e3o de quebra cabe\u00e7a \u2013 Autores: Ray Rocha, Lucas Cavalcante e Paulo Ara\u00fajo \u2013 Int\u00e9rprete: Banda Cabaret Rock<\/p>\n<p>14- Reza \u2013 Autor e Int\u00e9rprete: Janu Leite<\/p>\n<p>15- Foi bem melhor sem voc\u00ea \u2013 Autor: Natasha Aretha \u2013 Int\u00e9rprete: Natasha<\/p>\n<p>16- Ilusionismo \u2013 Autor: Marcinkus Bandeira e Gustavo Chaves \u2013 Int\u00e9rprete: Banda Dharma<\/p>\n<p>Sexta-feira (11\/05)<\/p>\n<p>Grande Final do III Festival Em Cantos de Alagoas<\/p>\n<span style=\"clear:both;display:none;\"><img src=\"http:\/\/www.muricionline.com.br\/novo\/wp-content\/plugins\/wp-spamfree\/img\/wpsf-img.php\" width=\"0\" height=\"0\" alt=\"\" style=\"border-style:none;width:0px;height:0px;display:none;\" \/><\/span>","protected":false},"excerpt":{"rendered":"<p>O festival dedicado \u00e0 m\u00fasica popular genuinamente alagoana \u2018Em Cantos de Alagoas\u2019 chega a sua terceira edi\u00e7\u00e3o. Sucesso nos anos anteriores, o projeto busca descobrir novos talentos, valorizar os artistas locais, promover um interc\u00e2mbio art\u00edstico-cultural e oferecer ao p\u00fablico um evento de refer\u00eancia musical para Alagoas. A programa\u00e7\u00e3o tem in\u00edcio na ter\u00e7a-feira (8), a partir&#8230;<\/p>\n","protected":false},"author":1,"featured_media":8499,"comment_status":"open","ping_status":"open","sticky":false,"template":"","format":"standard","meta":{"footnotes":""},"categories":[1],"tags":[5],"_links":{"self":[{"href":"http:\/\/www.muricionline.com.br\/novo\/index.php?rest_route=\/wp\/v2\/posts\/8495"}],"collection":[{"href":"http:\/\/www.muricionline.com.br\/novo\/index.php?rest_route=\/wp\/v2\/posts"}],"about":[{"href":"http:\/\/www.muricionline.com.br\/novo\/index.php?rest_route=\/wp\/v2\/types\/post"}],"author":[{"embeddable":true,"href":"http:\/\/www.muricionline.com.br\/novo\/index.php?rest_route=\/wp\/v2\/users\/1"}],"replies":[{"embeddable":true,"href":"http:\/\/www.muricionline.com.br\/novo\/index.php?rest_route=%2Fwp%2Fv2%2Fcomments&post=8495"}],"version-history":[{"count":1,"href":"http:\/\/www.muricionline.com.br\/novo\/index.php?rest_route=\/wp\/v2\/posts\/8495\/revisions"}],"predecessor-version":[{"id":8496,"href":"http:\/\/www.muricionline.com.br\/novo\/index.php?rest_route=\/wp\/v2\/posts\/8495\/revisions\/8496"}],"wp:featuredmedia":[{"embeddable":true,"href":"http:\/\/www.muricionline.com.br\/novo\/index.php?rest_route=\/wp\/v2\/media\/8499"}],"wp:attachment":[{"href":"http:\/\/www.muricionline.com.br\/novo\/index.php?rest_route=%2Fwp%2Fv2%2Fmedia&parent=8495"}],"wp:term":[{"taxonomy":"category","embeddable":true,"href":"http:\/\/www.muricionline.com.br\/novo\/index.php?rest_route=%2Fwp%2Fv2%2Fcategories&post=8495"},{"taxonomy":"post_tag","embeddable":true,"href":"http:\/\/www.muricionline.com.br\/novo\/index.php?rest_route=%2Fwp%2Fv2%2Ftags&post=8495"}],"curies":[{"name":"wp","href":"https:\/\/api.w.org\/{rel}","templated":true}]}}