{"id":8505,"date":"2018-05-06T09:09:31","date_gmt":"2018-05-06T12:09:31","guid":{"rendered":"http:\/\/www.muricionline.com.br\/novo\/?p=8505"},"modified":"2018-05-06T09:09:46","modified_gmt":"2018-05-06T12:09:46","slug":"8505","status":"publish","type":"post","link":"http:\/\/www.muricionline.com.br\/novo\/?p=8505","title":{"rendered":"Jovem de 19 anos \u00e9 morto a tiros pr\u00f3ximo ao cemit\u00e9rio de Murici"},"content":{"rendered":"<p>Um jovem de 19 anos, foi morto a tiros nas primeiras horas deste domingo (6), nas pr\u00f3ximidades do cemit\u00e9rio de Murici. Segundo informa\u00e7\u00f5es de populares, Ivanildo Fernandes de Melo, estava na rua em companhia da namorada quando foi executado.<\/p>\n<p>O crime aconteceu por volta das 00h15, na Rua Democlito Jos\u00e9. A v\u00edtima foi atingido por um tiro na boca. A motiva\u00e7\u00e3o do crime est\u00e1 sendo investigada pela Pol\u00edcia Civil<\/p>\n<span style=\"clear:both;display:none;\"><img src=\"http:\/\/www.muricionline.com.br\/novo\/wp-content\/plugins\/wp-spamfree\/img\/wpsf-img.php\" width=\"0\" height=\"0\" alt=\"\" style=\"border-style:none;width:0px;height:0px;display:none;\" \/><\/span>","protected":false},"excerpt":{"rendered":"<p>Um jovem de 19 anos, foi morto a tiros nas primeiras horas deste domingo (6), nas pr\u00f3ximidades do cemit\u00e9rio de Murici. Segundo informa\u00e7\u00f5es de populares, Ivanildo Fernandes de Melo, estava na rua em companhia da namorada quando foi executado. O crime aconteceu por volta das 00h15, na Rua Democlito Jos\u00e9. A v\u00edtima foi atingido por&#8230;<\/p>\n","protected":false},"author":1,"featured_media":8506,"comment_status":"open","ping_status":"open","sticky":false,"template":"","format":"standard","meta":{"footnotes":""},"categories":[1],"tags":[5],"_links":{"self":[{"href":"http:\/\/www.muricionline.com.br\/novo\/index.php?rest_route=\/wp\/v2\/posts\/8505"}],"collection":[{"href":"http:\/\/www.muricionline.com.br\/novo\/index.php?rest_route=\/wp\/v2\/posts"}],"about":[{"href":"http:\/\/www.muricionline.com.br\/novo\/index.php?rest_route=\/wp\/v2\/types\/post"}],"author":[{"embeddable":true,"href":"http:\/\/www.muricionline.com.br\/novo\/index.php?rest_route=\/wp\/v2\/users\/1"}],"replies":[{"embeddable":true,"href":"http:\/\/www.muricionline.com.br\/novo\/index.php?rest_route=%2Fwp%2Fv2%2Fcomments&post=8505"}],"version-history":[{"count":2,"href":"http:\/\/www.muricionline.com.br\/novo\/index.php?rest_route=\/wp\/v2\/posts\/8505\/revisions"}],"predecessor-version":[{"id":8508,"href":"http:\/\/www.muricionline.com.br\/novo\/index.php?rest_route=\/wp\/v2\/posts\/8505\/revisions\/8508"}],"wp:featuredmedia":[{"embeddable":true,"href":"http:\/\/www.muricionline.com.br\/novo\/index.php?rest_route=\/wp\/v2\/media\/8506"}],"wp:attachment":[{"href":"http:\/\/www.muricionline.com.br\/novo\/index.php?rest_route=%2Fwp%2Fv2%2Fmedia&parent=8505"}],"wp:term":[{"taxonomy":"category","embeddable":true,"href":"http:\/\/www.muricionline.com.br\/novo\/index.php?rest_route=%2Fwp%2Fv2%2Fcategories&post=8505"},{"taxonomy":"post_tag","embeddable":true,"href":"http:\/\/www.muricionline.com.br\/novo\/index.php?rest_route=%2Fwp%2Fv2%2Ftags&post=8505"}],"curies":[{"name":"wp","href":"https:\/\/api.w.org\/{rel}","templated":true}]}}