{"id":8509,"date":"2018-05-07T08:13:36","date_gmt":"2018-05-07T11:13:36","guid":{"rendered":"http:\/\/www.muricionline.com.br\/novo\/?p=8509"},"modified":"2018-05-07T08:13:36","modified_gmt":"2018-05-07T11:13:36","slug":"inscricoes-para-o-enem-2018-tem-inicio-nesta-segunda-feira-7","status":"publish","type":"post","link":"http:\/\/www.muricionline.com.br\/novo\/?p=8509","title":{"rendered":"Inscri\u00e7\u00f5es para o Enem 2018 t\u00eam in\u00edcio nesta segunda-feira (7)"},"content":{"rendered":"<p>As inscri\u00e7\u00f5es do Exame Nacional do Ensino M\u00e9dio (Enem) 2018 come\u00e7am nesta segunda-feira (7) e v\u00e3o at\u00e9 18 de maio. Para participar, os interessados devem acessar o endere\u00e7o eletr\u00f4nico&nbsp;<a href=\"https:\/\/goo.gl\/1mZd8k\">https:\/\/goo.gl\/1mZd8k<\/a>. Mais informa\u00e7\u00f5es sobre a prova podem ser obtidas no site&nbsp;<a href=\"http:\/\/enem.inep.gov.br\/\">enem.inep.gov.br<\/a>.<\/p>\n<div class=\"itemBody\">\n<div class=\"itemFullText\">\n<p>&nbsp;<\/p>\n<p>Divididas em duas fases, as provas acontecer\u00e3o em dois dias: 4 de novembro, com a realiza\u00e7\u00e3o dos testes de Linguagens, C\u00f3digos e Suas Tecnologias, Reda\u00e7\u00e3o, Ci\u00eancias Humanas e Suas Tecnologias, e 11 de novembro, com as provas de Ci\u00eancias da Natureza e suas Tecnologias e Matem\u00e1tica e suas Tecnologias. A divulga\u00e7\u00e3o do gabarito ocorrer\u00e1 em 14 de novembro e o resultado final dever\u00e1 ser publicado em janeiro de 2019.<\/p>\n<p>&nbsp;<\/p>\n<p><img decoding=\"async\" class=\"jg_photo\" src=\"http:\/\/www.agenciaalagoas.al.gov.br\/component\/joomgallery\/image?view=image&amp;format=raw&amp;id=32503&amp;type=img\" alt=\"Inscri\u00e7\u00f5es Enem 2018 \/ (Fotos: Valdir Rocha)\"><\/p>\n<p>&nbsp;<\/p>\n<p><strong>Enem<\/strong><\/p>\n<p>&nbsp;<\/p>\n<p>O Exame Nacional do Ensino M\u00e9dio est\u00e1 completando 20 anos em 2018 e, segundo as informa\u00e7\u00f5es repassadas pelo Instituto Nacional de Estudos e Pesquisas Educacionais An\u00edsio Teixeira (Inep), a principal finalidade do exame \u00e9 avaliar o desempenho escolar e acad\u00eamico. Qualquer pessoa est\u00e1 habilitada a prestar o Enem.<\/p>\n<p>&nbsp;<\/p>\n<p><strong>Cronograma:<\/strong><\/p>\n<p><strong>&nbsp;<\/strong><\/p>\n<p><strong>07 a 18 de maio \u2013 Inscri\u00e7\u00f5es no Enem<\/strong><\/p>\n<p><strong>23 de maio \u2013 T\u00e9rmino para o pagamento da inscri\u00e7\u00e3o<\/strong><\/p>\n<p><strong>03 de junho \u2013 T\u00e9rmino da solicita\u00e7\u00e3o para o nome social<\/strong><\/p>\n<p><strong>04 de novembro \u2013 Primeiro dia de aplica\u00e7\u00e3o das provas<\/strong><\/p>\n<p><strong>11 de novembro \u2013 Segundo dia de aplica\u00e7\u00e3o das provas<\/strong><\/p>\n<p><strong>14 de novembro \u2013 Publica\u00e7\u00e3o dos gabaritos<\/strong><\/p>\n<p>&nbsp;<\/p>\n<\/div>\n<p>Com Ag\u00eancia Alagoas&nbsp;<\/p>\n<\/div>\n<span style=\"clear:both;display:none;\"><img src=\"http:\/\/www.muricionline.com.br\/novo\/wp-content\/plugins\/wp-spamfree\/img\/wpsf-img.php\" width=\"0\" height=\"0\" alt=\"\" style=\"border-style:none;width:0px;height:0px;display:none;\" \/><\/span>","protected":false},"excerpt":{"rendered":"<p>As inscri\u00e7\u00f5es do Exame Nacional do Ensino M\u00e9dio (Enem) 2018 come\u00e7am nesta segunda-feira (7) e v\u00e3o at\u00e9 18 de maio. Para participar, os interessados devem acessar o endere\u00e7o eletr\u00f4nico&nbsp;https:\/\/goo.gl\/1mZd8k. Mais informa\u00e7\u00f5es sobre a prova podem ser obtidas no site&nbsp;enem.inep.gov.br. &nbsp; Divididas em duas fases, as provas acontecer\u00e3o em dois dias: 4 de novembro, com a&#8230;<\/p>\n","protected":false},"author":1,"featured_media":8510,"comment_status":"open","ping_status":"open","sticky":false,"template":"","format":"standard","meta":{"footnotes":""},"categories":[1],"tags":[5],"_links":{"self":[{"href":"http:\/\/www.muricionline.com.br\/novo\/index.php?rest_route=\/wp\/v2\/posts\/8509"}],"collection":[{"href":"http:\/\/www.muricionline.com.br\/novo\/index.php?rest_route=\/wp\/v2\/posts"}],"about":[{"href":"http:\/\/www.muricionline.com.br\/novo\/index.php?rest_route=\/wp\/v2\/types\/post"}],"author":[{"embeddable":true,"href":"http:\/\/www.muricionline.com.br\/novo\/index.php?rest_route=\/wp\/v2\/users\/1"}],"replies":[{"embeddable":true,"href":"http:\/\/www.muricionline.com.br\/novo\/index.php?rest_route=%2Fwp%2Fv2%2Fcomments&post=8509"}],"version-history":[{"count":1,"href":"http:\/\/www.muricionline.com.br\/novo\/index.php?rest_route=\/wp\/v2\/posts\/8509\/revisions"}],"predecessor-version":[{"id":8511,"href":"http:\/\/www.muricionline.com.br\/novo\/index.php?rest_route=\/wp\/v2\/posts\/8509\/revisions\/8511"}],"wp:featuredmedia":[{"embeddable":true,"href":"http:\/\/www.muricionline.com.br\/novo\/index.php?rest_route=\/wp\/v2\/media\/8510"}],"wp:attachment":[{"href":"http:\/\/www.muricionline.com.br\/novo\/index.php?rest_route=%2Fwp%2Fv2%2Fmedia&parent=8509"}],"wp:term":[{"taxonomy":"category","embeddable":true,"href":"http:\/\/www.muricionline.com.br\/novo\/index.php?rest_route=%2Fwp%2Fv2%2Fcategories&post=8509"},{"taxonomy":"post_tag","embeddable":true,"href":"http:\/\/www.muricionline.com.br\/novo\/index.php?rest_route=%2Fwp%2Fv2%2Ftags&post=8509"}],"curies":[{"name":"wp","href":"https:\/\/api.w.org\/{rel}","templated":true}]}}