{"id":8515,"date":"2018-05-08T08:16:25","date_gmt":"2018-05-08T11:16:25","guid":{"rendered":"http:\/\/www.muricionline.com.br\/novo\/?p=8515"},"modified":"2018-05-08T08:18:03","modified_gmt":"2018-05-08T11:18:03","slug":"educacao-de-santana-do-mundau-reune-pais-e-representantes-de-orgaos-para-discutir-avancos-e-melhorias","status":"publish","type":"post","link":"http:\/\/www.muricionline.com.br\/novo\/?p=8515","title":{"rendered":"Educa\u00e7\u00e3o de Santana do Munda\u00fa re\u00fane pais e representantes de \u00f3rg\u00e3os para discutir avan\u00e7os e melhorias"},"content":{"rendered":"<p>Com a presen\u00e7a de representantes do&nbsp;Conselho Municipal de Educa\u00e7\u00e3o, do Conselho&nbsp;Tutelar, e&nbsp;do Sindicato dos Trabalhadores em Educa\u00e7\u00e3o do estado (Sinteal), a prefeitura de Santana do Munda\u00fa, por meio da Secretaria de Educa\u00e7\u00e3o, reuniu equipe docente e pais&nbsp;de alunos da&nbsp;Escola&nbsp;S\u00e3o Sebasti\u00e3o, localizada&nbsp;no S\u00edtio Cigarra, para uma reuni\u00e3o. O objetivo do encontro foi de discutir acerca da divis\u00e3o da sala, que atualmente \u00e9&nbsp;multisseriada.<\/p>\n<p>Conduzindo a reuni\u00e3o, a secret\u00e1ria de educa\u00e7\u00e3o, Danielle M\u00e1rcia, anunciou&nbsp;as mudan\u00e7as propostas para os pr\u00f3ximos dias. \u201cAt\u00e9 o in\u00edcio de abril as matr\u00edculas na rede municipal&nbsp;de ensino estavam abertas, e, o n\u00famero de alunos matriculados foi maior do que o esperado. Atualmente, contamos com duas professoras para essa turma espec\u00edfica, e estamos fazendo uma nova abordagem com os pais para explicar&nbsp;como ocorrer\u00e1 a divis\u00e3o da sala. A maioria deles gostaria que mantiv\u00e9ssemos a turma como est\u00e1, mas nossa responsabilidade e compromisso sempre foi com a qualidade de aprendizagem&nbsp;e desenvolvimento dos nossos alunos\u201d, aponta.<\/p>\n<p>A secret\u00e1ria defende que o foco da gest\u00e3o, \u00e9 que escola e pais&nbsp;caminhem juntos&nbsp;a fim de garantir o&nbsp;bom desempenho do alunado municipal. &#8220;Sempre buscamos promover esses&nbsp;momentos&nbsp;de aproxima\u00e7\u00e3o e di\u00e1logo com os setores que atuam na \u00e1rea, e, principalmente, com&nbsp;os pais, que s\u00e3o os maiores beneficiados com&nbsp;uma qualidade de ensino eficiente. Ficou acertado que voltaremos a nos reunir, de modo que, atrav\u00e9s da democracia e do senso comum,&nbsp;todos saiam satisfeitos. Continuaremos agindo com transpar\u00eancia, e, acima de tudo, zelo e&nbsp;responsabilidade com nossos estudantes&#8221;, concluiu, Danielle.&nbsp;<\/p>\n<span style=\"clear:both;display:none;\"><img src=\"http:\/\/www.muricionline.com.br\/novo\/wp-content\/plugins\/wp-spamfree\/img\/wpsf-img.php\" width=\"0\" height=\"0\" alt=\"\" style=\"border-style:none;width:0px;height:0px;display:none;\" \/><\/span>","protected":false},"excerpt":{"rendered":"<p>Com a presen\u00e7a de representantes do&nbsp;Conselho Municipal de Educa\u00e7\u00e3o, do Conselho&nbsp;Tutelar, e&nbsp;do Sindicato dos Trabalhadores em Educa\u00e7\u00e3o do estado (Sinteal), a prefeitura de Santana do Munda\u00fa, por meio da Secretaria de Educa\u00e7\u00e3o, reuniu equipe docente e pais&nbsp;de alunos da&nbsp;Escola&nbsp;S\u00e3o Sebasti\u00e3o, localizada&nbsp;no S\u00edtio Cigarra, para uma reuni\u00e3o. O objetivo do encontro foi de discutir acerca da&#8230;<\/p>\n","protected":false},"author":1,"featured_media":0,"comment_status":"open","ping_status":"open","sticky":false,"template":"","format":"standard","meta":{"footnotes":""},"categories":[1],"tags":[5],"_links":{"self":[{"href":"http:\/\/www.muricionline.com.br\/novo\/index.php?rest_route=\/wp\/v2\/posts\/8515"}],"collection":[{"href":"http:\/\/www.muricionline.com.br\/novo\/index.php?rest_route=\/wp\/v2\/posts"}],"about":[{"href":"http:\/\/www.muricionline.com.br\/novo\/index.php?rest_route=\/wp\/v2\/types\/post"}],"author":[{"embeddable":true,"href":"http:\/\/www.muricionline.com.br\/novo\/index.php?rest_route=\/wp\/v2\/users\/1"}],"replies":[{"embeddable":true,"href":"http:\/\/www.muricionline.com.br\/novo\/index.php?rest_route=%2Fwp%2Fv2%2Fcomments&post=8515"}],"version-history":[{"count":1,"href":"http:\/\/www.muricionline.com.br\/novo\/index.php?rest_route=\/wp\/v2\/posts\/8515\/revisions"}],"predecessor-version":[{"id":8519,"href":"http:\/\/www.muricionline.com.br\/novo\/index.php?rest_route=\/wp\/v2\/posts\/8515\/revisions\/8519"}],"wp:attachment":[{"href":"http:\/\/www.muricionline.com.br\/novo\/index.php?rest_route=%2Fwp%2Fv2%2Fmedia&parent=8515"}],"wp:term":[{"taxonomy":"category","embeddable":true,"href":"http:\/\/www.muricionline.com.br\/novo\/index.php?rest_route=%2Fwp%2Fv2%2Fcategories&post=8515"},{"taxonomy":"post_tag","embeddable":true,"href":"http:\/\/www.muricionline.com.br\/novo\/index.php?rest_route=%2Fwp%2Fv2%2Ftags&post=8515"}],"curies":[{"name":"wp","href":"https:\/\/api.w.org\/{rel}","templated":true}]}}