{"id":8520,"date":"2018-05-09T09:24:11","date_gmt":"2018-05-09T12:24:11","guid":{"rendered":"http:\/\/www.muricionline.com.br\/novo\/?p=8520"},"modified":"2018-05-09T09:24:11","modified_gmt":"2018-05-09T12:24:11","slug":"secretaria-de-educacao-abre-inscricoes-de-processo-seletivo-para-assistentes-de-alfabetizacao","status":"publish","type":"post","link":"http:\/\/www.muricionline.com.br\/novo\/?p=8520","title":{"rendered":"Secretaria de Educa\u00e7\u00e3o abre inscri\u00e7\u00f5es de Processo Seletivo para Assistentes de Alfabetiza\u00e7\u00e3o"},"content":{"rendered":"<p>Est\u00e3o abertas, at\u00e9 esta quarta-feira, dia 09, as inscri\u00e7\u00f5es do Processo Seletivo Simplificado para Assistentes de Alfabetiza\u00e7\u00e3o Volunt\u00e1ria do Programa Mais Alfabetiza\u00e7\u00e3o, do Governo Federal. Ser\u00e3o ofertadas 11 vagas para as escolas p\u00fablicas municipais, em turmas de 1\u00aa e 2\u00ba ano do Ensino Fundamental.<\/p>\n<p>Podem participar do processo profissionais em n\u00edvel de Magist\u00e9rio, estudantes de Pedagogia e Licenciatura e professores da rede municipal com disponibilidade de carga hor\u00e1ria. As provas objetivas acontecem na quinta, dia 10, \u00e0s 19h, na Escola Nossa Senhora das Gra\u00e7as. As inscri\u00e7\u00f5es s\u00e3o gratuitas e devem ser feitas na Secretaria Municipal de Educa\u00e7\u00e3o.<\/p>\n<p>&nbsp;<\/p>\n<p>Com Assessoria de Comunica\u00e7\u00e3o&nbsp;<\/p>\n<span style=\"clear:both;display:none;\"><img src=\"http:\/\/www.muricionline.com.br\/novo\/wp-content\/plugins\/wp-spamfree\/img\/wpsf-img.php\" width=\"0\" height=\"0\" alt=\"\" style=\"border-style:none;width:0px;height:0px;display:none;\" \/><\/span>","protected":false},"excerpt":{"rendered":"<p>Est\u00e3o abertas, at\u00e9 esta quarta-feira, dia 09, as inscri\u00e7\u00f5es do Processo Seletivo Simplificado para Assistentes de Alfabetiza\u00e7\u00e3o Volunt\u00e1ria do Programa Mais Alfabetiza\u00e7\u00e3o, do Governo Federal. Ser\u00e3o ofertadas 11 vagas para as escolas p\u00fablicas municipais, em turmas de 1\u00aa e 2\u00ba ano do Ensino Fundamental. Podem participar do processo profissionais em n\u00edvel de Magist\u00e9rio, estudantes de&#8230;<\/p>\n","protected":false},"author":1,"featured_media":8521,"comment_status":"open","ping_status":"open","sticky":false,"template":"","format":"standard","meta":{"footnotes":""},"categories":[1],"tags":[5],"_links":{"self":[{"href":"http:\/\/www.muricionline.com.br\/novo\/index.php?rest_route=\/wp\/v2\/posts\/8520"}],"collection":[{"href":"http:\/\/www.muricionline.com.br\/novo\/index.php?rest_route=\/wp\/v2\/posts"}],"about":[{"href":"http:\/\/www.muricionline.com.br\/novo\/index.php?rest_route=\/wp\/v2\/types\/post"}],"author":[{"embeddable":true,"href":"http:\/\/www.muricionline.com.br\/novo\/index.php?rest_route=\/wp\/v2\/users\/1"}],"replies":[{"embeddable":true,"href":"http:\/\/www.muricionline.com.br\/novo\/index.php?rest_route=%2Fwp%2Fv2%2Fcomments&post=8520"}],"version-history":[{"count":1,"href":"http:\/\/www.muricionline.com.br\/novo\/index.php?rest_route=\/wp\/v2\/posts\/8520\/revisions"}],"predecessor-version":[{"id":8522,"href":"http:\/\/www.muricionline.com.br\/novo\/index.php?rest_route=\/wp\/v2\/posts\/8520\/revisions\/8522"}],"wp:featuredmedia":[{"embeddable":true,"href":"http:\/\/www.muricionline.com.br\/novo\/index.php?rest_route=\/wp\/v2\/media\/8521"}],"wp:attachment":[{"href":"http:\/\/www.muricionline.com.br\/novo\/index.php?rest_route=%2Fwp%2Fv2%2Fmedia&parent=8520"}],"wp:term":[{"taxonomy":"category","embeddable":true,"href":"http:\/\/www.muricionline.com.br\/novo\/index.php?rest_route=%2Fwp%2Fv2%2Fcategories&post=8520"},{"taxonomy":"post_tag","embeddable":true,"href":"http:\/\/www.muricionline.com.br\/novo\/index.php?rest_route=%2Fwp%2Fv2%2Ftags&post=8520"}],"curies":[{"name":"wp","href":"https:\/\/api.w.org\/{rel}","templated":true}]}}