{"id":8523,"date":"2018-05-09T10:13:58","date_gmt":"2018-05-09T13:13:58","guid":{"rendered":"http:\/\/www.muricionline.com.br\/novo\/?p=8523"},"modified":"2018-05-09T10:26:10","modified_gmt":"2018-05-09T13:26:10","slug":"meia-ex-serrano-e-novo-reforco-do-murici-al-na-serie-d","status":"publish","type":"post","link":"http:\/\/www.muricionline.com.br\/novo\/?p=8523","title":{"rendered":"Meia ex-Serrano \u00e9 novo refor\u00e7o do Murici-AL na S\u00e9rie D"},"content":{"rendered":"<p>O meia Andr\u00e9 Ferreira foi anunciado como o novo refor\u00e7o do Murici na S\u00e9rie D do Campeonato Brasileiro.<\/p>\n<div class=\"gdlr-blog-content\">\n<p>O jogador estava no Gr\u00eamio Serrano da Para\u00edba, na in\u00e9dita campanha que levou o clube a terceira coloca\u00e7\u00e3o do Estadual e a conseguir uma vaga na S\u00e9rie D do Campeonato Brasileiro de 2019.<\/p>\n<p>O Murici precisa de \u201cum milagre\u201d para conseguir se classificar para a pr\u00f3xima fase da competi\u00e7\u00e3o e deposita as esperan\u00e7as no talentoso Andr\u00e9, para tentar reverter a situa\u00e7\u00e3o na competi\u00e7\u00e3o.<\/p>\n<p>\u201cVim ciente das dificuldades em termos de resultados, mas gosto de desafios. O Murici \u00e9 um time de tradi\u00e7\u00e3o e tem um excelente treinador, o Edson, que foi o que me fez aceitar o convite e vestir essa camisa. Espero ajudar meus companheiros a mudar a hist\u00f3ria do clube nessa S\u00e9rie D.\u201d Frisou Andr\u00e9 Ferreira.<\/p>\n<p>Andr\u00e9, que \u00e9 natural de Campina Grande-PB, tem 23 anos e acumula passagens por Sport Campina, S\u00e3o Jos\u00e9-TO, Ypiranga-PE, Treze FC, Gr\u00eamio Serrano-PB e uma passagem na Europa, onde defendeu o FK Gramozi da Segunda Divis\u00e3o Nacional da Alb\u00e2nia.<\/p>\n<p>PB Esportes com Ascom<\/p>\n<p>Foto: Jailson Col\u00e1cio<\/p>\n<\/div>\n<div>&nbsp;<\/div>\n<span style=\"clear:both;display:none;\"><img src=\"http:\/\/www.muricionline.com.br\/novo\/wp-content\/plugins\/wp-spamfree\/img\/wpsf-img.php\" width=\"0\" height=\"0\" alt=\"\" style=\"border-style:none;width:0px;height:0px;display:none;\" \/><\/span>","protected":false},"excerpt":{"rendered":"<p>O meia Andr\u00e9 Ferreira foi anunciado como o novo refor\u00e7o do Murici na S\u00e9rie D do Campeonato Brasileiro. O jogador estava no Gr\u00eamio Serrano da Para\u00edba, na in\u00e9dita campanha que levou o clube a terceira coloca\u00e7\u00e3o do Estadual e a conseguir uma vaga na S\u00e9rie D do Campeonato Brasileiro de 2019. O Murici precisa de&#8230;<\/p>\n","protected":false},"author":1,"featured_media":8524,"comment_status":"open","ping_status":"open","sticky":false,"template":"","format":"standard","meta":{"footnotes":""},"categories":[9],"tags":[5],"_links":{"self":[{"href":"http:\/\/www.muricionline.com.br\/novo\/index.php?rest_route=\/wp\/v2\/posts\/8523"}],"collection":[{"href":"http:\/\/www.muricionline.com.br\/novo\/index.php?rest_route=\/wp\/v2\/posts"}],"about":[{"href":"http:\/\/www.muricionline.com.br\/novo\/index.php?rest_route=\/wp\/v2\/types\/post"}],"author":[{"embeddable":true,"href":"http:\/\/www.muricionline.com.br\/novo\/index.php?rest_route=\/wp\/v2\/users\/1"}],"replies":[{"embeddable":true,"href":"http:\/\/www.muricionline.com.br\/novo\/index.php?rest_route=%2Fwp%2Fv2%2Fcomments&post=8523"}],"version-history":[{"count":2,"href":"http:\/\/www.muricionline.com.br\/novo\/index.php?rest_route=\/wp\/v2\/posts\/8523\/revisions"}],"predecessor-version":[{"id":8526,"href":"http:\/\/www.muricionline.com.br\/novo\/index.php?rest_route=\/wp\/v2\/posts\/8523\/revisions\/8526"}],"wp:featuredmedia":[{"embeddable":true,"href":"http:\/\/www.muricionline.com.br\/novo\/index.php?rest_route=\/wp\/v2\/media\/8524"}],"wp:attachment":[{"href":"http:\/\/www.muricionline.com.br\/novo\/index.php?rest_route=%2Fwp%2Fv2%2Fmedia&parent=8523"}],"wp:term":[{"taxonomy":"category","embeddable":true,"href":"http:\/\/www.muricionline.com.br\/novo\/index.php?rest_route=%2Fwp%2Fv2%2Fcategories&post=8523"},{"taxonomy":"post_tag","embeddable":true,"href":"http:\/\/www.muricionline.com.br\/novo\/index.php?rest_route=%2Fwp%2Fv2%2Ftags&post=8523"}],"curies":[{"name":"wp","href":"https:\/\/api.w.org\/{rel}","templated":true}]}}