{"id":8537,"date":"2018-05-10T15:31:31","date_gmt":"2018-05-10T18:31:31","guid":{"rendered":"http:\/\/www.muricionline.com.br\/novo\/?p=8537"},"modified":"2018-05-10T15:31:31","modified_gmt":"2018-05-10T18:31:31","slug":"prefeitura-de-murici-encerra-atividades-do-lixao-do-municipio","status":"publish","type":"post","link":"http:\/\/www.muricionline.com.br\/novo\/?p=8537","title":{"rendered":"Prefeitura de Murici encerra atividades do lix\u00e3o do munic\u00edpio"},"content":{"rendered":"<p>A Prefeitura de Murici encerrou de forma definitiva, na manh\u00e3 desta quinta-feira, 10, as atividades do lix\u00e3o a c\u00e9u aberto do munic\u00edpio, em cumprimento ao que determina a legisla\u00e7\u00e3o nacional que trata da gest\u00e3o adequada dos res\u00edduos s\u00f3lidos. Com isso, mais de 16 toneladas de res\u00edduos que eram despejados diariamente no local passar\u00e3o a ser levados para o Centro de Tratamento de Res\u00edduos Metropolitana (CTR), na cidade de Pilar-AL.<\/p>\n<p><a href=\"http:\/\/www.muricionline.com.br\/novo\/wp-content\/uploads\/2018\/05\/IMG-20180510-WA0158.jpg\"><img loading=\"lazy\" decoding=\"async\" class=\"aligncenter size-full wp-image-8540\" src=\"http:\/\/www.muricionline.com.br\/novo\/wp-content\/uploads\/2018\/05\/IMG-20180510-WA0158.jpg\" alt=\"\" width=\"1280\" height=\"812\" srcset=\"http:\/\/www.muricionline.com.br\/novo\/wp-content\/uploads\/2018\/05\/IMG-20180510-WA0158.jpg 1280w, http:\/\/www.muricionline.com.br\/novo\/wp-content\/uploads\/2018\/05\/IMG-20180510-WA0158-300x190.jpg 300w, http:\/\/www.muricionline.com.br\/novo\/wp-content\/uploads\/2018\/05\/IMG-20180510-WA0158-768x487.jpg 768w, http:\/\/www.muricionline.com.br\/novo\/wp-content\/uploads\/2018\/05\/IMG-20180510-WA0158-1024x650.jpg 1024w\" sizes=\"(max-width: 1280px) 100vw, 1280px\" \/><\/a><\/p>\n<p>Durante a cerim\u00f4nia de encerramento do lix\u00e3o, o prefeito Olavo Neto, ao lado do secret\u00e1rio municipal de Meio Ambiente, Deivinho Vasconcelos, salientou a import\u00e2ncia do ato. \u201cDurante todas as a\u00e7\u00f5es da nossa administra\u00e7\u00e3o, essa \u00e9 uma das mais importantes para o munic\u00edpio, pois estamos tratando de responsabilidade ambiental e de sa\u00fade p\u00fablica\u201d, frisou.<\/p>\n<p>O momento contou com a presen\u00e7a de representantes do Minist\u00e9rio P\u00fablico Estadual (MPE), do Instituto do Meio Ambiente de Alagoas (IMA), da Secretaria do Estado do Meio Ambiente e Recursos H\u00eddricos (Semarh) e de diversas autoridades locais.<\/p>\n<p><a href=\"http:\/\/www.muricionline.com.br\/novo\/wp-content\/uploads\/2018\/05\/IMG-20180510-WA0156.jpg\"><img loading=\"lazy\" decoding=\"async\" class=\"aligncenter size-full wp-image-8541\" src=\"http:\/\/www.muricionline.com.br\/novo\/wp-content\/uploads\/2018\/05\/IMG-20180510-WA0156.jpg\" alt=\"\" width=\"1280\" height=\"853\" srcset=\"http:\/\/www.muricionline.com.br\/novo\/wp-content\/uploads\/2018\/05\/IMG-20180510-WA0156.jpg 1280w, http:\/\/www.muricionline.com.br\/novo\/wp-content\/uploads\/2018\/05\/IMG-20180510-WA0156-300x200.jpg 300w, http:\/\/www.muricionline.com.br\/novo\/wp-content\/uploads\/2018\/05\/IMG-20180510-WA0156-768x512.jpg 768w, http:\/\/www.muricionline.com.br\/novo\/wp-content\/uploads\/2018\/05\/IMG-20180510-WA0156-1024x682.jpg 1024w\" sizes=\"(max-width: 1280px) 100vw, 1280px\" \/><\/a><\/p>\n<p>Diante do fechamento do lix\u00e3o, a Prefeitura de Murici ressalta que vai criar alternativas junto com as fam\u00edlias que ainda dependem da coleta do lixo, refor\u00e7ando um compromisso permanente com os catadores.<\/p>\n<p><a href=\"http:\/\/www.muricionline.com.br\/novo\/wp-content\/uploads\/2018\/05\/IMG-20180510-WA0160.jpg\"><img loading=\"lazy\" decoding=\"async\" class=\"aligncenter size-full wp-image-8539\" src=\"http:\/\/www.muricionline.com.br\/novo\/wp-content\/uploads\/2018\/05\/IMG-20180510-WA0160.jpg\" alt=\"\" width=\"1280\" height=\"853\" srcset=\"http:\/\/www.muricionline.com.br\/novo\/wp-content\/uploads\/2018\/05\/IMG-20180510-WA0160.jpg 1280w, http:\/\/www.muricionline.com.br\/novo\/wp-content\/uploads\/2018\/05\/IMG-20180510-WA0160-300x200.jpg 300w, http:\/\/www.muricionline.com.br\/novo\/wp-content\/uploads\/2018\/05\/IMG-20180510-WA0160-768x512.jpg 768w, http:\/\/www.muricionline.com.br\/novo\/wp-content\/uploads\/2018\/05\/IMG-20180510-WA0160-1024x682.jpg 1024w\" sizes=\"(max-width: 1280px) 100vw, 1280px\" \/><\/a><\/p>\n<p><strong>NOVOS HOR\u00c1RIOS DE COLETA<\/strong><\/p>\n<p>Devido ao fechamento do lix\u00e3o da cidade, a Secretaria Municipal de Meio Ambiente, Agricultura e Servi\u00e7os Urbanos comunica que o recolhimento dos lixos domiciliares ser\u00e1 feito tr\u00eas vezes por semana: \u00e0s segundas, quartas e sextas-feiras. Os hor\u00e1rios de coleta ser\u00e3o a partir das 7h, no centro da cidade; e a partir das 13h nos conjuntos Pedro Ten\u00f3rio Raposo e Olavo Calheiros.<\/p>\n<p>Durante a pr\u00f3xima semana, a Secretaria de Meio Ambiente, junto com a Assessoria de Comunica\u00e7\u00e3o da Prefeitura, dar\u00e1 in\u00edcio a uma campanha educativa para que a popula\u00e7\u00e3o possa se adequar a esse novo momento.<\/p>\n<p>&nbsp;<\/p>\n<p>Com Assessoria de Comunica\u00e7\u00e3o&nbsp;<\/p>\n<p>Fotos: Jailson Col\u00e1cio&nbsp;<\/p>\n<span style=\"clear:both;display:none;\"><img src=\"http:\/\/www.muricionline.com.br\/novo\/wp-content\/plugins\/wp-spamfree\/img\/wpsf-img.php\" width=\"0\" height=\"0\" alt=\"\" style=\"border-style:none;width:0px;height:0px;display:none;\" \/><\/span>","protected":false},"excerpt":{"rendered":"<p>A Prefeitura de Murici encerrou de forma definitiva, na manh\u00e3 desta quinta-feira, 10, as atividades do lix\u00e3o a c\u00e9u aberto do munic\u00edpio, em cumprimento ao que determina a legisla\u00e7\u00e3o nacional que trata da gest\u00e3o adequada dos res\u00edduos s\u00f3lidos. Com isso, mais de 16 toneladas de res\u00edduos que eram despejados diariamente no local passar\u00e3o a ser&#8230;<\/p>\n","protected":false},"author":1,"featured_media":8538,"comment_status":"open","ping_status":"open","sticky":false,"template":"","format":"standard","meta":{"footnotes":""},"categories":[7,1],"tags":[5],"_links":{"self":[{"href":"http:\/\/www.muricionline.com.br\/novo\/index.php?rest_route=\/wp\/v2\/posts\/8537"}],"collection":[{"href":"http:\/\/www.muricionline.com.br\/novo\/index.php?rest_route=\/wp\/v2\/posts"}],"about":[{"href":"http:\/\/www.muricionline.com.br\/novo\/index.php?rest_route=\/wp\/v2\/types\/post"}],"author":[{"embeddable":true,"href":"http:\/\/www.muricionline.com.br\/novo\/index.php?rest_route=\/wp\/v2\/users\/1"}],"replies":[{"embeddable":true,"href":"http:\/\/www.muricionline.com.br\/novo\/index.php?rest_route=%2Fwp%2Fv2%2Fcomments&post=8537"}],"version-history":[{"count":1,"href":"http:\/\/www.muricionline.com.br\/novo\/index.php?rest_route=\/wp\/v2\/posts\/8537\/revisions"}],"predecessor-version":[{"id":8543,"href":"http:\/\/www.muricionline.com.br\/novo\/index.php?rest_route=\/wp\/v2\/posts\/8537\/revisions\/8543"}],"wp:featuredmedia":[{"embeddable":true,"href":"http:\/\/www.muricionline.com.br\/novo\/index.php?rest_route=\/wp\/v2\/media\/8538"}],"wp:attachment":[{"href":"http:\/\/www.muricionline.com.br\/novo\/index.php?rest_route=%2Fwp%2Fv2%2Fmedia&parent=8537"}],"wp:term":[{"taxonomy":"category","embeddable":true,"href":"http:\/\/www.muricionline.com.br\/novo\/index.php?rest_route=%2Fwp%2Fv2%2Fcategories&post=8537"},{"taxonomy":"post_tag","embeddable":true,"href":"http:\/\/www.muricionline.com.br\/novo\/index.php?rest_route=%2Fwp%2Fv2%2Ftags&post=8537"}],"curies":[{"name":"wp","href":"https:\/\/api.w.org\/{rel}","templated":true}]}}