{"id":8553,"date":"2018-05-11T16:51:29","date_gmt":"2018-05-11T19:51:29","guid":{"rendered":"http:\/\/www.muricionline.com.br\/novo\/?p=8553"},"modified":"2018-05-11T16:51:29","modified_gmt":"2018-05-11T19:51:29","slug":"com-18-atletas-relacionados-murici-viaja-para-enfrentar-o-flu-de-feira","status":"publish","type":"post","link":"http:\/\/www.muricionline.com.br\/novo\/?p=8553","title":{"rendered":"Com 18 atletas relacionados, Murici viaja para enfrentar o Flu de Feira"},"content":{"rendered":"<p>O Murici encerrou, hoje pela amanh\u00e3, a prepara\u00e7\u00e3o para a partida de volta contra o Fluminense de Feira (BA), v\u00e1lido pela S\u00e9rie D do Campeonato Brasileiro 2018. Depois de uma atividade leve no Jose Gomes da Costa, o t\u00e9cnico Edson Ferreira anunciou a lista dos 18 atletas relacionados, que viajaram de \u00f4nibus para Feira de Santana.<\/p>\n<p>Para o jogo diante do clube baiano, o comandante alviverde contar\u00e1 com o retorno do zagueiro Nicolas, que volta ao time ap\u00f3s cumprir suspens\u00e3o autom\u00e1tica.<\/p>\n<p>A partida entre Murici e Fluminense de Feira ser\u00e1 disputada na tarde deste domingo (13), \u00e0s 16h, no Est\u00e1dio Alberto Oliveira (Joia da Princesa), em Feira de Santana.<\/p>\n<p>&nbsp;<\/p>\n<p><strong>Confira a lista de atletas relacionados pelo Verd\u00e3o:<\/strong><\/p>\n<p>&nbsp;<\/p>\n<p>Goleiros: L\u00e9o Murici e Cristiano.<\/p>\n<p>Laterais: Careca, Leo, Joaninha e Dulivan.<\/p>\n<p>Zagueiro: Nicolas, Sinval e Paulo.<\/p>\n<p>Meias: Berg, Andr\u00e9, Marcelo, S\u00e1vio e Gueba<\/p>\n<p>Ataque: Neguinho Paraiba, Fabinho, Michael e Jhone.<\/p>\n<p>&nbsp;<\/p>\n<p>Ascom Murici FC<\/p>\n<span style=\"clear:both;display:none;\"><img src=\"http:\/\/www.muricionline.com.br\/novo\/wp-content\/plugins\/wp-spamfree\/img\/wpsf-img.php\" width=\"0\" height=\"0\" alt=\"\" style=\"border-style:none;width:0px;height:0px;display:none;\" \/><\/span>","protected":false},"excerpt":{"rendered":"<p>O Murici encerrou, hoje pela amanh\u00e3, a prepara\u00e7\u00e3o para a partida de volta contra o Fluminense de Feira (BA), v\u00e1lido pela S\u00e9rie D do Campeonato Brasileiro 2018. Depois de uma atividade leve no Jose Gomes da Costa, o t\u00e9cnico Edson Ferreira anunciou a lista dos 18 atletas relacionados, que viajaram de \u00f4nibus para Feira de&#8230;<\/p>\n","protected":false},"author":1,"featured_media":8554,"comment_status":"open","ping_status":"open","sticky":false,"template":"","format":"standard","meta":{"footnotes":""},"categories":[9],"tags":[5],"_links":{"self":[{"href":"http:\/\/www.muricionline.com.br\/novo\/index.php?rest_route=\/wp\/v2\/posts\/8553"}],"collection":[{"href":"http:\/\/www.muricionline.com.br\/novo\/index.php?rest_route=\/wp\/v2\/posts"}],"about":[{"href":"http:\/\/www.muricionline.com.br\/novo\/index.php?rest_route=\/wp\/v2\/types\/post"}],"author":[{"embeddable":true,"href":"http:\/\/www.muricionline.com.br\/novo\/index.php?rest_route=\/wp\/v2\/users\/1"}],"replies":[{"embeddable":true,"href":"http:\/\/www.muricionline.com.br\/novo\/index.php?rest_route=%2Fwp%2Fv2%2Fcomments&post=8553"}],"version-history":[{"count":1,"href":"http:\/\/www.muricionline.com.br\/novo\/index.php?rest_route=\/wp\/v2\/posts\/8553\/revisions"}],"predecessor-version":[{"id":8555,"href":"http:\/\/www.muricionline.com.br\/novo\/index.php?rest_route=\/wp\/v2\/posts\/8553\/revisions\/8555"}],"wp:featuredmedia":[{"embeddable":true,"href":"http:\/\/www.muricionline.com.br\/novo\/index.php?rest_route=\/wp\/v2\/media\/8554"}],"wp:attachment":[{"href":"http:\/\/www.muricionline.com.br\/novo\/index.php?rest_route=%2Fwp%2Fv2%2Fmedia&parent=8553"}],"wp:term":[{"taxonomy":"category","embeddable":true,"href":"http:\/\/www.muricionline.com.br\/novo\/index.php?rest_route=%2Fwp%2Fv2%2Fcategories&post=8553"},{"taxonomy":"post_tag","embeddable":true,"href":"http:\/\/www.muricionline.com.br\/novo\/index.php?rest_route=%2Fwp%2Fv2%2Ftags&post=8553"}],"curies":[{"name":"wp","href":"https:\/\/api.w.org\/{rel}","templated":true}]}}