{"id":8558,"date":"2018-05-14T10:25:02","date_gmt":"2018-05-14T13:25:02","guid":{"rendered":"http:\/\/www.muricionline.com.br\/novo\/?p=8558"},"modified":"2018-05-14T12:28:20","modified_gmt":"2018-05-14T15:28:20","slug":"confirmado-festa-dos-126-anos-de-murici-tera-shows-com-luan-estilizado-forrozao-das-antigas-e-garota-sertaneja","status":"publish","type":"post","link":"http:\/\/www.muricionline.com.br\/novo\/?p=8558","title":{"rendered":"Confirmado! Festa dos 126 anos de Murici ter\u00e1 shows com Luan Estilizado, Forroz\u00e3o das Antigas e Garota Sertaneja"},"content":{"rendered":"<p>O prefeito de Murici, Olavo Neto (MDB), divulgou a programa\u00e7\u00e3o musical da festa em comemora\u00e7\u00e3o pelos 126 anos de Emancipa\u00e7\u00e3o Pol\u00edtica do munic\u00edpio, que acontecer\u00e1 na pr\u00f3xima quarta-feira, dia 16 de maio.<\/p>\n<p>De acordo com a assessoria de comunica\u00e7\u00e3o do munic\u00edpio, al\u00e9m da Corrida Major Olavo Calheiros e do tradicional Encontro de Bandas de Fanfarras, a festa ter\u00e1 shows com o Luan Estilizado, Forroz\u00e3o das Antigas e Garota Sertaneja.<\/p>\n<p>&nbsp;<\/p>\n<p>O acesso aos shows \u00e9 gratuito e as apresenta\u00e7\u00f5es est\u00e3o previstas para ter inicio \u00e0s 22 horas, na pra\u00e7a Padre C\u00edcero.<\/p>\n<p>&nbsp;<\/p>\n<p>Mais informa\u00e7\u00f5es no site e nas redes sociais da Prefeitura Municipal de Murici.<\/p>\n<p>&nbsp;<\/p>\n<p>Com Assessoria de Comunica\u00e7\u00e3o&nbsp;<\/p>\n<p>&nbsp;<\/p>\n<span style=\"clear:both;display:none;\"><img src=\"http:\/\/www.muricionline.com.br\/novo\/wp-content\/plugins\/wp-spamfree\/img\/wpsf-img.php\" width=\"0\" height=\"0\" alt=\"\" style=\"border-style:none;width:0px;height:0px;display:none;\" \/><\/span>","protected":false},"excerpt":{"rendered":"<p>O prefeito de Murici, Olavo Neto (MDB), divulgou a programa\u00e7\u00e3o musical da festa em comemora\u00e7\u00e3o pelos 126 anos de Emancipa\u00e7\u00e3o Pol\u00edtica do munic\u00edpio, que acontecer\u00e1 na pr\u00f3xima quarta-feira, dia 16 de maio. De acordo com a assessoria de comunica\u00e7\u00e3o do munic\u00edpio, al\u00e9m da Corrida Major Olavo Calheiros e do tradicional Encontro de Bandas de Fanfarras,&#8230;<\/p>\n","protected":false},"author":1,"featured_media":8560,"comment_status":"open","ping_status":"open","sticky":false,"template":"","format":"standard","meta":{"footnotes":""},"categories":[7,1],"tags":[5],"_links":{"self":[{"href":"http:\/\/www.muricionline.com.br\/novo\/index.php?rest_route=\/wp\/v2\/posts\/8558"}],"collection":[{"href":"http:\/\/www.muricionline.com.br\/novo\/index.php?rest_route=\/wp\/v2\/posts"}],"about":[{"href":"http:\/\/www.muricionline.com.br\/novo\/index.php?rest_route=\/wp\/v2\/types\/post"}],"author":[{"embeddable":true,"href":"http:\/\/www.muricionline.com.br\/novo\/index.php?rest_route=\/wp\/v2\/users\/1"}],"replies":[{"embeddable":true,"href":"http:\/\/www.muricionline.com.br\/novo\/index.php?rest_route=%2Fwp%2Fv2%2Fcomments&post=8558"}],"version-history":[{"count":2,"href":"http:\/\/www.muricionline.com.br\/novo\/index.php?rest_route=\/wp\/v2\/posts\/8558\/revisions"}],"predecessor-version":[{"id":8579,"href":"http:\/\/www.muricionline.com.br\/novo\/index.php?rest_route=\/wp\/v2\/posts\/8558\/revisions\/8579"}],"wp:featuredmedia":[{"embeddable":true,"href":"http:\/\/www.muricionline.com.br\/novo\/index.php?rest_route=\/wp\/v2\/media\/8560"}],"wp:attachment":[{"href":"http:\/\/www.muricionline.com.br\/novo\/index.php?rest_route=%2Fwp%2Fv2%2Fmedia&parent=8558"}],"wp:term":[{"taxonomy":"category","embeddable":true,"href":"http:\/\/www.muricionline.com.br\/novo\/index.php?rest_route=%2Fwp%2Fv2%2Fcategories&post=8558"},{"taxonomy":"post_tag","embeddable":true,"href":"http:\/\/www.muricionline.com.br\/novo\/index.php?rest_route=%2Fwp%2Fv2%2Ftags&post=8558"}],"curies":[{"name":"wp","href":"https:\/\/api.w.org\/{rel}","templated":true}]}}