{"id":8575,"date":"2018-05-14T08:20:36","date_gmt":"2018-05-14T11:20:36","guid":{"rendered":"http:\/\/www.muricionline.com.br\/novo\/?p=8575"},"modified":"2018-05-14T08:20:36","modified_gmt":"2018-05-14T11:20:36","slug":"prefeitura-de-santana-do-mundau-comemora-dia-das-maes-com-show-sorteio-de-brindes-e-diversos-servicos-de-saude-e-beleza","status":"publish","type":"post","link":"http:\/\/www.muricionline.com.br\/novo\/?p=8575","title":{"rendered":"Prefeitura de Santana do Munda\u00fa comemora Dia das M\u00e3es com show, sorteio de brindes e diversos servi\u00e7os de sa\u00fade e beleza"},"content":{"rendered":"<p>Com muita alegria e riqueza de detalhes, as mam\u00e3es de Santana do Munda\u00fa puderam celebrar seu dia de forma muito especial na \u00faltima sexta-feira (11). Isso porque, a&nbsp;Prefeitura, atrav\u00e9s da integra\u00e7\u00e3o de todas as secretarias municipais, promoveu uma super festa no Residencial Jussara.<\/p>\n<p>Com acesso \u00e0 servi\u00e7os de&nbsp;cortes de cabelo, maquiagem,&nbsp;esmalta\u00e7\u00e3o e limpeza de pele, as mam\u00e3es tamb\u00e9m tiveram a oportunidade de realizar, em um s\u00f3 lugar,&nbsp;testes r\u00e1pidos de sa\u00fade e&nbsp;vacina\u00e7\u00e3o, receber orienta\u00e7\u00f5es sobre&nbsp;alimenta\u00e7\u00e3o adequada e sa\u00fade bucal, al\u00e9m de participarem de um grande aul\u00e3o de zumba, e do sorteio de diversos brindes como: ventiladores, liquidificadores, cafeteiras, forno el\u00e9trico e muitos outros utens\u00edlios, tudo isso ao som de muita m\u00fasica ao vivo.&nbsp;<\/p>\n<p>Acompanhando todo o evento ao lado da vice-prefeita, Dona Bet\u00e2nia, o prefeito Arthur Freitas, agradeceu toda a equipe envolvida&nbsp;pelo empenho para a realiza\u00e7\u00e3o da festa. \u201cEsse tipo de confraterniza\u00e7\u00e3o \u00e9 para demonstrar o quanto as admiramos e as queremos bem. S\u00e3o momentos de entretenimento que contribuem um pouco para que essas mulheres guerreiras e batalhadoras, que dedicam as suas vidas aos seus filhos e fam\u00edlia, espaire\u00e7am e possam ter um dia para chamar de seu. Toda a equipe est\u00e1 de parab\u00e9ns pelo carinho com o qual tratou este evento que sem d\u00favida, foi inesquec\u00edvel para todos n\u00f3s.\u201d afirmou.<\/p>\n<p>As m\u00e3es que participaram da a\u00e7\u00e3o festiva elogiaram o carinho e aten\u00e7\u00e3o da equipe. \u201cEstou muito contente com essa festa. N\u00f3s m\u00e3es sempre esperamos por uma novidade. Eu tenho filhos e netos, ou seja, me sinto m\u00e3e duas vezes e nem sempre posso comemorar com eles com tanta divers\u00e3o e alegria como hoje. S\u00f3 posso agradecer a todos pela aten\u00e7\u00e3o e carinho com a qual fui tratada\u201d, disse a dona de casa,&nbsp;Maria Jos\u00e9&nbsp;da Silva.<\/p>\n<p>&nbsp;<\/p>\n<p>Com Assessoria de Comunica\u00e7\u00e3o&nbsp;<\/p>\n<span style=\"clear:both;display:none;\"><img src=\"http:\/\/www.muricionline.com.br\/novo\/wp-content\/plugins\/wp-spamfree\/img\/wpsf-img.php\" width=\"0\" height=\"0\" alt=\"\" style=\"border-style:none;width:0px;height:0px;display:none;\" \/><\/span>","protected":false},"excerpt":{"rendered":"<p>Com muita alegria e riqueza de detalhes, as mam\u00e3es de Santana do Munda\u00fa puderam celebrar seu dia de forma muito especial na \u00faltima sexta-feira (11). Isso porque, a&nbsp;Prefeitura, atrav\u00e9s da integra\u00e7\u00e3o de todas as secretarias municipais, promoveu uma super festa no Residencial Jussara. Com acesso \u00e0 servi\u00e7os de&nbsp;cortes de cabelo, maquiagem,&nbsp;esmalta\u00e7\u00e3o e limpeza de pele,&#8230;<\/p>\n","protected":false},"author":1,"featured_media":8576,"comment_status":"open","ping_status":"open","sticky":false,"template":"","format":"standard","meta":{"footnotes":""},"categories":[1],"tags":[5],"_links":{"self":[{"href":"http:\/\/www.muricionline.com.br\/novo\/index.php?rest_route=\/wp\/v2\/posts\/8575"}],"collection":[{"href":"http:\/\/www.muricionline.com.br\/novo\/index.php?rest_route=\/wp\/v2\/posts"}],"about":[{"href":"http:\/\/www.muricionline.com.br\/novo\/index.php?rest_route=\/wp\/v2\/types\/post"}],"author":[{"embeddable":true,"href":"http:\/\/www.muricionline.com.br\/novo\/index.php?rest_route=\/wp\/v2\/users\/1"}],"replies":[{"embeddable":true,"href":"http:\/\/www.muricionline.com.br\/novo\/index.php?rest_route=%2Fwp%2Fv2%2Fcomments&post=8575"}],"version-history":[{"count":1,"href":"http:\/\/www.muricionline.com.br\/novo\/index.php?rest_route=\/wp\/v2\/posts\/8575\/revisions"}],"predecessor-version":[{"id":8577,"href":"http:\/\/www.muricionline.com.br\/novo\/index.php?rest_route=\/wp\/v2\/posts\/8575\/revisions\/8577"}],"wp:featuredmedia":[{"embeddable":true,"href":"http:\/\/www.muricionline.com.br\/novo\/index.php?rest_route=\/wp\/v2\/media\/8576"}],"wp:attachment":[{"href":"http:\/\/www.muricionline.com.br\/novo\/index.php?rest_route=%2Fwp%2Fv2%2Fmedia&parent=8575"}],"wp:term":[{"taxonomy":"category","embeddable":true,"href":"http:\/\/www.muricionline.com.br\/novo\/index.php?rest_route=%2Fwp%2Fv2%2Fcategories&post=8575"},{"taxonomy":"post_tag","embeddable":true,"href":"http:\/\/www.muricionline.com.br\/novo\/index.php?rest_route=%2Fwp%2Fv2%2Ftags&post=8575"}],"curies":[{"name":"wp","href":"https:\/\/api.w.org\/{rel}","templated":true}]}}