{"id":8580,"date":"2018-05-15T11:22:05","date_gmt":"2018-05-15T14:22:05","guid":{"rendered":"http:\/\/www.muricionline.com.br\/novo\/?p=8580"},"modified":"2018-05-15T11:22:05","modified_gmt":"2018-05-15T14:22:05","slug":"sao-jose-da-laje-recebe-secretarios-de-saude-da-regiao-e-apresenta-avancos-aos-gestores","status":"publish","type":"post","link":"http:\/\/www.muricionline.com.br\/novo\/?p=8580","title":{"rendered":"S\u00e3o Jos\u00e9 da Laje recebe Secret\u00e1rios de Sa\u00fade da regi\u00e3o e apresenta avan\u00e7os aos Gestores"},"content":{"rendered":"<p>Nove dos onze gestores que integram a 3\u00aa Regi\u00e3o de Sa\u00fade participaram na sexta-feira (11) em S\u00e3o Jos\u00e9 da Laje da reuni\u00e3o da Comiss\u00e3o Intergestora Regional (CIR). O vice-presidente do Conselho de Secretarias Municipais de Sa\u00fade de Alagoas (Cosems), Rodrigo Buarque, tamb\u00e9m secret\u00e1rio de Sa\u00fade de Jundi\u00e1, destacou a import\u00e2ncia da participa\u00e7\u00e3o dos gestores nesta inst\u00e2ncia de discuss\u00e3o e delibera\u00e7\u00f5es de assuntos relevantes para os munic\u00edpios.<\/p>\n<p>\u201c\u00c9 um espa\u00e7o democr\u00e1tico que precisa ter a participa\u00e7\u00e3o sempre efetiva do gestor. Discutimos temas como a Regula\u00e7\u00e3o do Estado, indicadores, passamos informes do Congresso Nacional de Secret\u00e1rios de Sa\u00fade que vai acontecer em julho, dentre outras pautas\u201d, refor\u00e7ou Rodrigo. Na ocasi\u00e3o a titular da pasta de S\u00e3o Jos\u00e9 da Laje, \u00c2ngela Vanessa, apresentou aos gestores alguns equipamentos de Sa\u00fade e servi\u00e7os que tamb\u00e9m beneficiam cidades da Regi\u00e3o.&nbsp;<\/p>\n<p>A secret\u00e1ria ressaltou que o munic\u00edpio tem um laborat\u00f3rio de an\u00e1lise de \u00e1gua vinculado ao Laborat\u00f3rio Central de Alagoas (Lacen) que est\u00e1 dispon\u00edvel para os 11 munic\u00edpios da regi\u00e3o. Durante a visita, ela distribuiu para os gestores produtos confeccionados pelos usu\u00e1rios do Centro de Aten\u00e7\u00e3o Psicossocial (Caps) do munic\u00edpio. De acordo com Rodrigo, o munic\u00edpio tem 24 mil habitantes e a Secretaria de Sa\u00fade disp\u00f5e de dez equipes do Programa Sa\u00fade da Fam\u00edlia (PSF), duas unidades do N\u00facleo de Apoio \u00e0 Sa\u00fade da Fam\u00edlia (Nasf), Casa Maternal que atende as m\u00e3es do munic\u00edpio e Regi\u00e3o.&nbsp;<\/p>\n<p>A vice-presidente da 3\u00aa Regi\u00e3o e secret\u00e1ria de Santana do Munda\u00fa, Paula Cavalcante, afirmou que o encontro foi rico e com \u00eanfase no fortalecimento da sa\u00fade p\u00fablica para a Regi\u00e3o. A discuss\u00e3o incluiu ainda a exposi\u00e7\u00e3o de esclarecimentos e informes sobre as dificuldades de acesso aos servi\u00e7os de Alta e M\u00e9dia Complexidade nas referencias Macei\u00f3 e Arapiraca; revis\u00e3o dos casos de microcefalia\/Zika Cong\u00eanita; monitoramento das a\u00e7\u00f5es de combate ao Aedes aegypti; situa\u00e7\u00e3o do glaucoma e da distribui\u00e7\u00e3o de fraldas geri\u00e1tricas, tiras e lancetas; Mostra Brasil Aqui Tem SUS; dentre outros.<\/p>\n<p><a href=\"http:\/\/www.muricionline.com.br\/novo\/wp-content\/uploads\/2018\/05\/sa\u00fade-laje-4.png\"><img loading=\"lazy\" decoding=\"async\" class=\"aligncenter size-full wp-image-8581\" src=\"http:\/\/www.muricionline.com.br\/novo\/wp-content\/uploads\/2018\/05\/sa\u00fade-laje-4.png\" alt=\"\" width=\"697\" height=\"519\" srcset=\"http:\/\/www.muricionline.com.br\/novo\/wp-content\/uploads\/2018\/05\/sa\u00fade-laje-4.png 697w, http:\/\/www.muricionline.com.br\/novo\/wp-content\/uploads\/2018\/05\/sa\u00fade-laje-4-300x223.png 300w, http:\/\/www.muricionline.com.br\/novo\/wp-content\/uploads\/2018\/05\/sa\u00fade-laje-4-480x357.png 480w\" sizes=\"(max-width: 697px) 100vw, 697px\" \/><\/a><\/p>\n<p>Por Assessoria de Comunica\u00e7\u00e3o&nbsp;<\/p>\n<span style=\"clear:both;display:none;\"><img src=\"http:\/\/www.muricionline.com.br\/novo\/wp-content\/plugins\/wp-spamfree\/img\/wpsf-img.php\" width=\"0\" height=\"0\" alt=\"\" style=\"border-style:none;width:0px;height:0px;display:none;\" \/><\/span>","protected":false},"excerpt":{"rendered":"<p>Nove dos onze gestores que integram a 3\u00aa Regi\u00e3o de Sa\u00fade participaram na sexta-feira (11) em S\u00e3o Jos\u00e9 da Laje da reuni\u00e3o da Comiss\u00e3o Intergestora Regional (CIR). O vice-presidente do Conselho de Secretarias Municipais de Sa\u00fade de Alagoas (Cosems), Rodrigo Buarque, tamb\u00e9m secret\u00e1rio de Sa\u00fade de Jundi\u00e1, destacou a import\u00e2ncia da participa\u00e7\u00e3o dos gestores nesta&#8230;<\/p>\n","protected":false},"author":1,"featured_media":8582,"comment_status":"open","ping_status":"open","sticky":false,"template":"","format":"standard","meta":{"footnotes":""},"categories":[1],"tags":[5],"_links":{"self":[{"href":"http:\/\/www.muricionline.com.br\/novo\/index.php?rest_route=\/wp\/v2\/posts\/8580"}],"collection":[{"href":"http:\/\/www.muricionline.com.br\/novo\/index.php?rest_route=\/wp\/v2\/posts"}],"about":[{"href":"http:\/\/www.muricionline.com.br\/novo\/index.php?rest_route=\/wp\/v2\/types\/post"}],"author":[{"embeddable":true,"href":"http:\/\/www.muricionline.com.br\/novo\/index.php?rest_route=\/wp\/v2\/users\/1"}],"replies":[{"embeddable":true,"href":"http:\/\/www.muricionline.com.br\/novo\/index.php?rest_route=%2Fwp%2Fv2%2Fcomments&post=8580"}],"version-history":[{"count":1,"href":"http:\/\/www.muricionline.com.br\/novo\/index.php?rest_route=\/wp\/v2\/posts\/8580\/revisions"}],"predecessor-version":[{"id":8583,"href":"http:\/\/www.muricionline.com.br\/novo\/index.php?rest_route=\/wp\/v2\/posts\/8580\/revisions\/8583"}],"wp:featuredmedia":[{"embeddable":true,"href":"http:\/\/www.muricionline.com.br\/novo\/index.php?rest_route=\/wp\/v2\/media\/8582"}],"wp:attachment":[{"href":"http:\/\/www.muricionline.com.br\/novo\/index.php?rest_route=%2Fwp%2Fv2%2Fmedia&parent=8580"}],"wp:term":[{"taxonomy":"category","embeddable":true,"href":"http:\/\/www.muricionline.com.br\/novo\/index.php?rest_route=%2Fwp%2Fv2%2Fcategories&post=8580"},{"taxonomy":"post_tag","embeddable":true,"href":"http:\/\/www.muricionline.com.br\/novo\/index.php?rest_route=%2Fwp%2Fv2%2Ftags&post=8580"}],"curies":[{"name":"wp","href":"https:\/\/api.w.org\/{rel}","templated":true}]}}