{"id":8584,"date":"2018-05-18T08:04:35","date_gmt":"2018-05-18T11:04:35","guid":{"rendered":"http:\/\/www.muricionline.com.br\/novo\/?p=8584"},"modified":"2018-05-18T08:04:35","modified_gmt":"2018-05-18T11:04:35","slug":"renan-filho-transmite-cargo-de-governador-a-otavio-praxedes","status":"publish","type":"post","link":"http:\/\/www.muricionline.com.br\/novo\/?p=8584","title":{"rendered":"Renan Filho transmite cargo de governador a Ot\u00e1vio Praxedes"},"content":{"rendered":"<p>O governador Renan Filho transmitiu o cargo para o presidente do Tribunal de Justi\u00e7a de Alagoas (TJ-AL), Ot\u00e1vio Le\u00e3o Praxedes, nesta quinta-feira (17), durante solenidade no Pal\u00e1cio Rep\u00fablica dos Palmares, com a presen\u00e7a de representantes do poder judici\u00e1rio, pol\u00edticos e secret\u00e1rios de Estado. O desembargador fica \u00e0 frente do Executivo alagoano at\u00e9 26 de maio, per\u00edodo em que o governador estar\u00e1 em f\u00e9rias.<\/p>\n<div class=\"itemBody\">\n<div class=\"itemFullText\">\n<p><img decoding=\"async\" class=\"jg_photo\" src=\"http:\/\/www.agenciaalagoas.al.gov.br\/component\/joomgallery\/image?view=image&amp;format=raw&amp;id=33306&amp;type=img\" alt=\"Solenidade de transmiss\u00e3o de cargo de governador (Foto: M\u00e1rcio Ferreira)\"><\/p>\n<p>&#8220;Ot\u00e1vio \u00e9 uma pessoa muito serena, tranquila e certamente preparada para conduzir o Estado nesses dias em que estarei ausente\u201d, declarou o governador.<\/p>\n<p><img decoding=\"async\" class=\"jg_photo\" src=\"http:\/\/www.agenciaalagoas.al.gov.br\/component\/joomgallery\/image?view=image&amp;format=raw&amp;id=33307&amp;type=img\" alt=\"Solenidade de transmiss\u00e3o de cargo de governador (Foto: M\u00e1rcio Ferreira)\"><\/p>\n<p>O presidente do Tribunal de Justi\u00e7a de Alagoas assume o governo por conta dos impedimentos eleitorais do vice-governador Luciano Barbosa e do presidente da Assembleia Legislativa, Luiz Dantas Lima. A linha sucess\u00f3ria constitucional estabelecida em Alagoas determina que o vice-governador deve substituir o governador em caso de impedimento ou na hip\u00f3tese de vac\u00e2ncia do cargo. Depois dele, deve assumir o presidente da Assembl\u00e9ia Legislativa.<\/p>\n<p>&nbsp;<\/p>\n<p>Ot\u00e1vio Praxedes adiantou algumas agendas que pretende cumprir nesse per\u00edodo como governador em exerc\u00edcio. Uma delas \u00e9 uma visita \u00e0s obras do Hospital Metropolitano, que est\u00e1 sendo constru\u00eddo no bairro do Tabuleiro do Martins.<\/p>\n<p><img decoding=\"async\" class=\"jg_photo\" src=\"http:\/\/www.agenciaalagoas.al.gov.br\/component\/joomgallery\/image?view=image&amp;format=raw&amp;id=33304&amp;type=img\" alt=\"Solenidade de transmiss\u00e3o de cargo de governador (Foto: M\u00e1rcio Ferreira)\"><\/p>\n<p>\u201cJ\u00e1 acertei com o governador para visitar \u00f3rg\u00e3os e titulares que tenham rela\u00e7\u00e3o com o poder judici\u00e1rio, a exemplo da Pol\u00edcia Militar, Conselho Estadual de Seguran\u00e7a (Conseg) e Detran. Em paralelo, quero vistoriar a maior obra f\u00edsica que o Estado est\u00e1 realizando, que \u00e9 o Hospital Metropolitano\u201d, disse.<\/p>\n<p>&nbsp;<\/p>\n<p>Na presid\u00eancia do Tribunal de Justi\u00e7a quem responder\u00e1 pelo cargo nesses dez dias \u00e9 o desembargador Celyrio Adamastor Ten\u00f3rio Accioly, atual vice-presidente da Corte.<\/p>\n<p><img decoding=\"async\" class=\"jg_photo\" src=\"http:\/\/www.agenciaalagoas.al.gov.br\/component\/joomgallery\/image?view=image&amp;format=raw&amp;id=33308&amp;type=img\" alt=\"Solenidade de transmiss\u00e3o de cargo de governador (Foto: M\u00e1rcio Ferreira)\"><\/p>\n<p>Renan Filho garantiu que deixa o Estado em ordem para o exerc\u00edcio do governador interino. \u201cAlagoas est\u00e1 com as finan\u00e7as em ordem e pol\u00edticas p\u00fablicas funcionando. Ent\u00e3o saio tranquilo para esse per\u00edodo de descanso, para recarregar as baterias e retomar a serenidade m\u00e1xima para conduzir Alagoas\u201d, finalizou.<\/p>\n<p>&nbsp;<\/p>\n<\/div>\n<\/div>\n<p>Com Ag\u00eancia Alagoas&nbsp;<\/p>\n<p>Fotos&nbsp; M\u00e1rcio Ferreira&nbsp;<\/p>\n<span style=\"clear:both;display:none;\"><img src=\"http:\/\/www.muricionline.com.br\/novo\/wp-content\/plugins\/wp-spamfree\/img\/wpsf-img.php\" width=\"0\" height=\"0\" alt=\"\" style=\"border-style:none;width:0px;height:0px;display:none;\" \/><\/span>","protected":false},"excerpt":{"rendered":"<p>O governador Renan Filho transmitiu o cargo para o presidente do Tribunal de Justi\u00e7a de Alagoas (TJ-AL), Ot\u00e1vio Le\u00e3o Praxedes, nesta quinta-feira (17), durante solenidade no Pal\u00e1cio Rep\u00fablica dos Palmares, com a presen\u00e7a de representantes do poder judici\u00e1rio, pol\u00edticos e secret\u00e1rios de Estado. O desembargador fica \u00e0 frente do Executivo alagoano at\u00e9 26 de maio,&#8230;<\/p>\n","protected":false},"author":1,"featured_media":8585,"comment_status":"open","ping_status":"open","sticky":false,"template":"","format":"standard","meta":{"footnotes":""},"categories":[1],"tags":[5],"_links":{"self":[{"href":"http:\/\/www.muricionline.com.br\/novo\/index.php?rest_route=\/wp\/v2\/posts\/8584"}],"collection":[{"href":"http:\/\/www.muricionline.com.br\/novo\/index.php?rest_route=\/wp\/v2\/posts"}],"about":[{"href":"http:\/\/www.muricionline.com.br\/novo\/index.php?rest_route=\/wp\/v2\/types\/post"}],"author":[{"embeddable":true,"href":"http:\/\/www.muricionline.com.br\/novo\/index.php?rest_route=\/wp\/v2\/users\/1"}],"replies":[{"embeddable":true,"href":"http:\/\/www.muricionline.com.br\/novo\/index.php?rest_route=%2Fwp%2Fv2%2Fcomments&post=8584"}],"version-history":[{"count":1,"href":"http:\/\/www.muricionline.com.br\/novo\/index.php?rest_route=\/wp\/v2\/posts\/8584\/revisions"}],"predecessor-version":[{"id":8586,"href":"http:\/\/www.muricionline.com.br\/novo\/index.php?rest_route=\/wp\/v2\/posts\/8584\/revisions\/8586"}],"wp:featuredmedia":[{"embeddable":true,"href":"http:\/\/www.muricionline.com.br\/novo\/index.php?rest_route=\/wp\/v2\/media\/8585"}],"wp:attachment":[{"href":"http:\/\/www.muricionline.com.br\/novo\/index.php?rest_route=%2Fwp%2Fv2%2Fmedia&parent=8584"}],"wp:term":[{"taxonomy":"category","embeddable":true,"href":"http:\/\/www.muricionline.com.br\/novo\/index.php?rest_route=%2Fwp%2Fv2%2Fcategories&post=8584"},{"taxonomy":"post_tag","embeddable":true,"href":"http:\/\/www.muricionline.com.br\/novo\/index.php?rest_route=%2Fwp%2Fv2%2Ftags&post=8584"}],"curies":[{"name":"wp","href":"https:\/\/api.w.org\/{rel}","templated":true}]}}