{"id":8587,"date":"2018-05-18T08:07:40","date_gmt":"2018-05-18T11:07:40","guid":{"rendered":"http:\/\/www.muricionline.com.br\/novo\/?p=8587"},"modified":"2018-05-18T08:07:40","modified_gmt":"2018-05-18T11:07:40","slug":"em-uniao-tramites-legais-para-formacao-de-cooperativa-de-reciclagem-ja-estao-em-andamento","status":"publish","type":"post","link":"http:\/\/www.muricionline.com.br\/novo\/?p=8587","title":{"rendered":"Em Uni\u00e3o, tr\u00e2mites legais para forma\u00e7\u00e3o de cooperativa de reciclagem j\u00e1 est\u00e3o em andamento"},"content":{"rendered":"<p>Em reuni\u00e3o com os catadores, nos \u00faltimos dias, a Prefeitura, atrav\u00e9s da Secretaria de Ind\u00fastria e Com\u00e9rcio, realizou mais uma etapa para a forma\u00e7\u00e3o da Cooperativa dos Catadores de Res\u00edduos Recicl\u00e1veis. Cerca de 30 catadores participaram.<\/p>\n<p>Segundo a secret\u00e1ria Neide Mitomari, j\u00e1 foi elaborado um edital de convidando os catadores do munic\u00edpio para participarem de uma assembl\u00e9ia geral de constitui\u00e7\u00e3o da cooperativa no pr\u00f3ximo dia 6 de junho, \u00e0s 14:30, no audit\u00f3ria da Prefeitura, onde eles v\u00e3o decidir a aprova\u00e7\u00e3o do estatuto, a escolha de um conselho de administra\u00e7\u00e3o, conselho fiscal e conselho \u00e9tico e t\u00e9cnico, al\u00e9m da filia\u00e7\u00e3o da cooperativa \u00e0 Organiza\u00e7\u00e3o das Cooperativas Brasileiras \u2013 OCB\/SESCOOP.<\/p>\n<p>O sistema de cooperativa de reciclagem j\u00e1 mudou a vida de catadores de todo o pa\u00eds. Al\u00e9m de proporcionar maior seguran\u00e7a na garantia de suas rendas, j\u00e1 que os catadores n\u00e3o v\u00e3o mais trabalhar de forma individual, as estimativas de aumento de lucro para estes trabalhadores podem chegar em at\u00e9 aproximadamente 300% a mais . Al\u00e9m da import\u00e2ncia do processo de reciclagem para o meio ambiente.<\/p>\n<p>O munic\u00edpio vai oferecer ainda capacita\u00e7\u00f5es para os catadores e a\u00e7\u00f5es de conscientiza\u00e7\u00e3o em escolas, pontos comerciais de outros locais, adianta o prefeito Areski Freitas (Kil).<\/p>\n<p>&nbsp;<\/p>\n<p>Com Assessoria de Comunica\u00e7\u00e3o&nbsp;<\/p>\n<span style=\"clear:both;display:none;\"><img src=\"http:\/\/www.muricionline.com.br\/novo\/wp-content\/plugins\/wp-spamfree\/img\/wpsf-img.php\" width=\"0\" height=\"0\" alt=\"\" style=\"border-style:none;width:0px;height:0px;display:none;\" \/><\/span>","protected":false},"excerpt":{"rendered":"<p>Em reuni\u00e3o com os catadores, nos \u00faltimos dias, a Prefeitura, atrav\u00e9s da Secretaria de Ind\u00fastria e Com\u00e9rcio, realizou mais uma etapa para a forma\u00e7\u00e3o da Cooperativa dos Catadores de Res\u00edduos Recicl\u00e1veis. Cerca de 30 catadores participaram. Segundo a secret\u00e1ria Neide Mitomari, j\u00e1 foi elaborado um edital de convidando os catadores do munic\u00edpio para participarem de&#8230;<\/p>\n","protected":false},"author":1,"featured_media":0,"comment_status":"open","ping_status":"open","sticky":false,"template":"","format":"standard","meta":{"footnotes":""},"categories":[1],"tags":[5],"_links":{"self":[{"href":"http:\/\/www.muricionline.com.br\/novo\/index.php?rest_route=\/wp\/v2\/posts\/8587"}],"collection":[{"href":"http:\/\/www.muricionline.com.br\/novo\/index.php?rest_route=\/wp\/v2\/posts"}],"about":[{"href":"http:\/\/www.muricionline.com.br\/novo\/index.php?rest_route=\/wp\/v2\/types\/post"}],"author":[{"embeddable":true,"href":"http:\/\/www.muricionline.com.br\/novo\/index.php?rest_route=\/wp\/v2\/users\/1"}],"replies":[{"embeddable":true,"href":"http:\/\/www.muricionline.com.br\/novo\/index.php?rest_route=%2Fwp%2Fv2%2Fcomments&post=8587"}],"version-history":[{"count":1,"href":"http:\/\/www.muricionline.com.br\/novo\/index.php?rest_route=\/wp\/v2\/posts\/8587\/revisions"}],"predecessor-version":[{"id":8590,"href":"http:\/\/www.muricionline.com.br\/novo\/index.php?rest_route=\/wp\/v2\/posts\/8587\/revisions\/8590"}],"wp:attachment":[{"href":"http:\/\/www.muricionline.com.br\/novo\/index.php?rest_route=%2Fwp%2Fv2%2Fmedia&parent=8587"}],"wp:term":[{"taxonomy":"category","embeddable":true,"href":"http:\/\/www.muricionline.com.br\/novo\/index.php?rest_route=%2Fwp%2Fv2%2Fcategories&post=8587"},{"taxonomy":"post_tag","embeddable":true,"href":"http:\/\/www.muricionline.com.br\/novo\/index.php?rest_route=%2Fwp%2Fv2%2Ftags&post=8587"}],"curies":[{"name":"wp","href":"https:\/\/api.w.org\/{rel}","templated":true}]}}