{"id":8593,"date":"2018-05-18T14:45:30","date_gmt":"2018-05-18T17:45:30","guid":{"rendered":"http:\/\/www.muricionline.com.br\/novo\/?p=8593"},"modified":"2018-05-18T14:45:30","modified_gmt":"2018-05-18T17:45:30","slug":"caps-murici-celebra-dia-nacional-da-luta-antimanicomial-com-caminhada-e-ato-em-praca","status":"publish","type":"post","link":"http:\/\/www.muricionline.com.br\/novo\/?p=8593","title":{"rendered":"CAPS Murici celebra Dia Nacional da Luta Antimanicomial com caminhada e ato em pra\u00e7a"},"content":{"rendered":"<p>Usu\u00e1rios do Centro de Aten\u00e7\u00e3o Psicossocial (CAPS) Dra. Cristina Ribeiro realizaram na manh\u00e3 de hoje, 18, uma caminhada pelas ruas de Murici em comemora\u00e7\u00e3o ao Dia Nacional da Luta Antimanicomial.<\/p>\n<p><a href=\"http:\/\/www.muricionline.com.br\/novo\/wp-content\/uploads\/2018\/05\/FB_IMG_1526665045654.jpg\"><img loading=\"lazy\" decoding=\"async\" class=\"aligncenter size-full wp-image-8595\" src=\"http:\/\/www.muricionline.com.br\/novo\/wp-content\/uploads\/2018\/05\/FB_IMG_1526665045654.jpg\" alt=\"\" width=\"960\" height=\"632\" srcset=\"http:\/\/www.muricionline.com.br\/novo\/wp-content\/uploads\/2018\/05\/FB_IMG_1526665045654.jpg 960w, http:\/\/www.muricionline.com.br\/novo\/wp-content\/uploads\/2018\/05\/FB_IMG_1526665045654-300x198.jpg 300w, http:\/\/www.muricionline.com.br\/novo\/wp-content\/uploads\/2018\/05\/FB_IMG_1526665045654-768x506.jpg 768w\" sizes=\"(max-width: 960px) 100vw, 960px\" \/><\/a><\/p>\n<p>Com o tema \u201cH\u00e1 tanta vida l\u00e1 fora&#8230;\u201d, a a\u00e7\u00e3o teve o objetivo de promover uma discuss\u00e3o sobre a aten\u00e7\u00e3o ao usu\u00e1rio dos servi\u00e7os de sa\u00fade mental e o combate ao preconceito ainda presente na sociedade. \u201cEsse \u00e9 um momento de sensibilizar a popula\u00e7\u00e3o sobre a valoriza\u00e7\u00e3o dos usu\u00e1rios acometidos de transtorno mental, ao mesmo tempo promover a integra\u00e7\u00e3o entre os pacientes assistidos pelo CAPS do nosso munic\u00edpio, resgatando sua autonomia e o exerc\u00edcio da cidadania\u201d, explicou Ana Paula Pinheiro, coordenadora de Sa\u00fade Mental da Secretaria Municipal de Sa\u00fade.<\/p>\n<p><a href=\"http:\/\/www.muricionline.com.br\/novo\/wp-content\/uploads\/2018\/05\/FB_IMG_1526665042069.jpg\"><img loading=\"lazy\" decoding=\"async\" class=\"aligncenter size-full wp-image-8594\" src=\"http:\/\/www.muricionline.com.br\/novo\/wp-content\/uploads\/2018\/05\/FB_IMG_1526665042069.jpg\" alt=\"\" width=\"960\" height=\"627\" srcset=\"http:\/\/www.muricionline.com.br\/novo\/wp-content\/uploads\/2018\/05\/FB_IMG_1526665042069.jpg 960w, http:\/\/www.muricionline.com.br\/novo\/wp-content\/uploads\/2018\/05\/FB_IMG_1526665042069-300x196.jpg 300w, http:\/\/www.muricionline.com.br\/novo\/wp-content\/uploads\/2018\/05\/FB_IMG_1526665042069-768x502.jpg 768w\" sizes=\"(max-width: 960px) 100vw, 960px\" \/><\/a><\/p>\n<p>A caminhada se encerrou na Pra\u00e7a Padre C\u00edcero, no Centro, onde foram feitas uma exposi\u00e7\u00e3o de material art\u00edstico produzido no CAPS e atividades f\u00edsicas com profissionais do N\u00facleo Ampliado de Sa\u00fade da Fam\u00edlia (NASF). Os usu\u00e1rios do servi\u00e7o tamb\u00e9m encenaram uma pe\u00e7a teatral ressaltando a import\u00e2ncia dos servi\u00e7os oferecidos pelo CAPS do munic\u00edpio.<\/p>\n<p>&nbsp;<\/p>\n<p>Com Assessoria de Comunica\u00e7\u00e3o&nbsp;<\/p>\n<span style=\"clear:both;display:none;\"><img src=\"http:\/\/www.muricionline.com.br\/novo\/wp-content\/plugins\/wp-spamfree\/img\/wpsf-img.php\" width=\"0\" height=\"0\" alt=\"\" style=\"border-style:none;width:0px;height:0px;display:none;\" \/><\/span>","protected":false},"excerpt":{"rendered":"<p>Usu\u00e1rios do Centro de Aten\u00e7\u00e3o Psicossocial (CAPS) Dra. Cristina Ribeiro realizaram na manh\u00e3 de hoje, 18, uma caminhada pelas ruas de Murici em comemora\u00e7\u00e3o ao Dia Nacional da Luta Antimanicomial. Com o tema \u201cH\u00e1 tanta vida l\u00e1 fora&#8230;\u201d, a a\u00e7\u00e3o teve o objetivo de promover uma discuss\u00e3o sobre a aten\u00e7\u00e3o ao usu\u00e1rio dos servi\u00e7os de&#8230;<\/p>\n","protected":false},"author":1,"featured_media":8597,"comment_status":"open","ping_status":"open","sticky":false,"template":"","format":"standard","meta":{"footnotes":""},"categories":[1],"tags":[5],"_links":{"self":[{"href":"http:\/\/www.muricionline.com.br\/novo\/index.php?rest_route=\/wp\/v2\/posts\/8593"}],"collection":[{"href":"http:\/\/www.muricionline.com.br\/novo\/index.php?rest_route=\/wp\/v2\/posts"}],"about":[{"href":"http:\/\/www.muricionline.com.br\/novo\/index.php?rest_route=\/wp\/v2\/types\/post"}],"author":[{"embeddable":true,"href":"http:\/\/www.muricionline.com.br\/novo\/index.php?rest_route=\/wp\/v2\/users\/1"}],"replies":[{"embeddable":true,"href":"http:\/\/www.muricionline.com.br\/novo\/index.php?rest_route=%2Fwp%2Fv2%2Fcomments&post=8593"}],"version-history":[{"count":1,"href":"http:\/\/www.muricionline.com.br\/novo\/index.php?rest_route=\/wp\/v2\/posts\/8593\/revisions"}],"predecessor-version":[{"id":8598,"href":"http:\/\/www.muricionline.com.br\/novo\/index.php?rest_route=\/wp\/v2\/posts\/8593\/revisions\/8598"}],"wp:featuredmedia":[{"embeddable":true,"href":"http:\/\/www.muricionline.com.br\/novo\/index.php?rest_route=\/wp\/v2\/media\/8597"}],"wp:attachment":[{"href":"http:\/\/www.muricionline.com.br\/novo\/index.php?rest_route=%2Fwp%2Fv2%2Fmedia&parent=8593"}],"wp:term":[{"taxonomy":"category","embeddable":true,"href":"http:\/\/www.muricionline.com.br\/novo\/index.php?rest_route=%2Fwp%2Fv2%2Fcategories&post=8593"},{"taxonomy":"post_tag","embeddable":true,"href":"http:\/\/www.muricionline.com.br\/novo\/index.php?rest_route=%2Fwp%2Fv2%2Ftags&post=8593"}],"curies":[{"name":"wp","href":"https:\/\/api.w.org\/{rel}","templated":true}]}}