{"id":8605,"date":"2018-05-18T15:08:42","date_gmt":"2018-05-18T18:08:42","guid":{"rendered":"http:\/\/www.muricionline.com.br\/novo\/?p=8605"},"modified":"2018-05-18T15:09:00","modified_gmt":"2018-05-18T18:09:00","slug":"acoes-marcam-o-dia-de-combate-ao-abuso-e-exploracao-sexual-contra-criancas-e-adolescentes-em-santana-do-mundau","status":"publish","type":"post","link":"http:\/\/www.muricionline.com.br\/novo\/?p=8605","title":{"rendered":"A\u00e7\u00f5es marcam o Dia de Combate ao Abuso e Explora\u00e7\u00e3o Sexual contra Crian\u00e7as e Adolescentes em Santana do Munda\u00fa"},"content":{"rendered":"<p>Em alus\u00e3o ao 18 de Maio &#8211; Dia Nacional do Enfrentamento ao Abuso e \u00e0 Explora\u00e7\u00e3o Sexual de Crian\u00e7as e Adolescentes, a prefeitura de Santana do Munda\u00fa, atrav\u00e9s da Secretaria de Assist\u00eancia Social, por meio do CREAS, realizou, durante toda a semana, atividades educativas com alunos das Escolas Municipais Pequeno Pr\u00edncipe e Monsenhor Cl\u00f3vis Duarte de Barros. Na programa\u00e7\u00e3o, os estudantes assistiram a v\u00eddeos educativos,&nbsp;confeccionaram cartazes e reda\u00e7\u00e3o, al\u00e9m de participarem de uma grande caminhada pelas principais ruas da cidade. Para encerrar a semana de eventos, a Secretaria promoveu uma grande festa na quadra de esportes da Escola Monsenhor Cl\u00f3vis, onde ocorreu uma premia\u00e7\u00e3o para os tr\u00eas primeiros colocados na reda\u00e7\u00e3o, al\u00e9m de sorteios de brindes com diversos artigos esportivos e premia\u00e7\u00f5es para alunos que participaram de um Quiz sobre o tema.<\/p>\n<p>&nbsp;<\/p>\n<p>&nbsp;<\/p>\n<p>A secret\u00e1ria de Assist\u00eancia Social, Lara Cavalcante, explica que o objetivo da atividade \u00e9 de chamar a aten\u00e7\u00e3o das pessoas para a necessidade de prote\u00e7\u00e3o das crian\u00e7as e adolescentes frente \u00e0 viol\u00eancia sexual. &#8220;O m\u00eas de maio simboliza a luta cont\u00ednua contra essa viola\u00e7\u00e3o dos direitos sexuais. A\u00e7\u00f5es como essa tem o prop\u00f3sito de mobilizar e conscientizar n\u00e3o somente os nossos alunos, mas a comunidade em geral, mostrando a import\u00e2ncia de combater essa realidade\u201d, ressalta.<\/p>\n<p>&nbsp;<\/p>\n<p>Para ela, a&nbsp;realiza\u00e7\u00e3o desta campanha pode contribuir efetivamente para a interrup\u00e7\u00e3o do ciclo de viola\u00e7\u00e3o de direitos, porque atua como fator de conscientiza\u00e7\u00e3o, mobiliza\u00e7\u00e3o social e luta contra qualquer forma de tratamento desumana, cruel e degradante.&nbsp;\u201c\u00c9 necess\u00e1rio ampliar as a\u00e7\u00f5es relacionadas&nbsp;ao tema e incentivar a discuss\u00e3o, principalmente entre as crian\u00e7as e adolescentes,&nbsp;para que eles se tornem importantes multiplicadores do conhecimento. Estamos em constante vigil\u00e2ncia para garantir os direitos e a integridade das nossas crian\u00e7as. Agrade\u00e7o o empenho de toda a equipe envolvida, e o apoio do prefeito Arthur Freitas e do Conselho Tutelar&#8221;, concluiu, Lara.<\/p>\n<p>&nbsp;<\/p>\n<p>Ascom Santaba do Munda\u00fa&nbsp;<\/p>\n<span style=\"clear:both;display:none;\"><img src=\"http:\/\/www.muricionline.com.br\/novo\/wp-content\/plugins\/wp-spamfree\/img\/wpsf-img.php\" width=\"0\" height=\"0\" alt=\"\" style=\"border-style:none;width:0px;height:0px;display:none;\" \/><\/span>","protected":false},"excerpt":{"rendered":"<p>Em alus\u00e3o ao 18 de Maio &#8211; Dia Nacional do Enfrentamento ao Abuso e \u00e0 Explora\u00e7\u00e3o Sexual de Crian\u00e7as e Adolescentes, a prefeitura de Santana do Munda\u00fa, atrav\u00e9s da Secretaria de Assist\u00eancia Social, por meio do CREAS, realizou, durante toda a semana, atividades educativas com alunos das Escolas Municipais Pequeno Pr\u00edncipe e Monsenhor Cl\u00f3vis Duarte&#8230;<\/p>\n","protected":false},"author":1,"featured_media":0,"comment_status":"open","ping_status":"open","sticky":false,"template":"","format":"standard","meta":{"footnotes":""},"categories":[1],"tags":[5],"_links":{"self":[{"href":"http:\/\/www.muricionline.com.br\/novo\/index.php?rest_route=\/wp\/v2\/posts\/8605"}],"collection":[{"href":"http:\/\/www.muricionline.com.br\/novo\/index.php?rest_route=\/wp\/v2\/posts"}],"about":[{"href":"http:\/\/www.muricionline.com.br\/novo\/index.php?rest_route=\/wp\/v2\/types\/post"}],"author":[{"embeddable":true,"href":"http:\/\/www.muricionline.com.br\/novo\/index.php?rest_route=\/wp\/v2\/users\/1"}],"replies":[{"embeddable":true,"href":"http:\/\/www.muricionline.com.br\/novo\/index.php?rest_route=%2Fwp%2Fv2%2Fcomments&post=8605"}],"version-history":[{"count":1,"href":"http:\/\/www.muricionline.com.br\/novo\/index.php?rest_route=\/wp\/v2\/posts\/8605\/revisions"}],"predecessor-version":[{"id":8610,"href":"http:\/\/www.muricionline.com.br\/novo\/index.php?rest_route=\/wp\/v2\/posts\/8605\/revisions\/8610"}],"wp:attachment":[{"href":"http:\/\/www.muricionline.com.br\/novo\/index.php?rest_route=%2Fwp%2Fv2%2Fmedia&parent=8605"}],"wp:term":[{"taxonomy":"category","embeddable":true,"href":"http:\/\/www.muricionline.com.br\/novo\/index.php?rest_route=%2Fwp%2Fv2%2Fcategories&post=8605"},{"taxonomy":"post_tag","embeddable":true,"href":"http:\/\/www.muricionline.com.br\/novo\/index.php?rest_route=%2Fwp%2Fv2%2Ftags&post=8605"}],"curies":[{"name":"wp","href":"https:\/\/api.w.org\/{rel}","templated":true}]}}