{"id":8625,"date":"2018-05-21T08:25:29","date_gmt":"2018-05-21T11:25:29","guid":{"rendered":"http:\/\/www.muricionline.com.br\/novo\/?p=8625"},"modified":"2018-05-21T08:25:29","modified_gmt":"2018-05-21T11:25:29","slug":"polo-de-sao-jose-da-laje-esta-com-inscricoes-abertas-para-curso-de-pos-graduacao","status":"publish","type":"post","link":"http:\/\/www.muricionline.com.br\/novo\/?p=8625","title":{"rendered":"Polo\u00a0de S\u00e3o Jos\u00e9 da Laje est\u00e1 com inscri\u00e7\u00f5es abertas para curso de p\u00f3s-gradua\u00e7\u00e3o"},"content":{"rendered":"<p>Est\u00e3o abertas as inscri\u00e7\u00f5es para o curso de especializa\u00e7\u00e3o em Ensino de Geografia, s\u00e3o ofertadas 20 vagas na modalidade semipresencial. As inscri\u00e7\u00f5es s\u00e3o v\u00e1lidas at\u00e9 \u00e1s 23h:59min. do dia 31 de maio do corrente ano, s\u00e3o realizadas exclusivamente via internet, nos endere\u00e7os eletr\u00f4nico:&nbsp;<a href=\"http:\/\/www.copeve.ufal.br\/\">www.copeve.ufal.br<\/a><wbr>&nbsp;ou&nbsp;<a href=\"http:\/\/www.sigaa.sig.ufal.br\/\">www.sigaa.sig.ufal.br<\/a>, e custam R$ 60,00 (sessenta reais).<\/p>\n<p>O Edital de N\u00ba 10\/2018 est\u00e1 dispon\u00edvel no site da COPEVE para mais informa\u00e7\u00f5es. Nara N\u00fabia coordenadora do Polo revelou que ainda est\u00e3o previstos sair editais para cursos em p\u00f3s-gradua\u00e7\u00e3o de Gest\u00e3o P\u00fablica Municipal, Gest\u00e3o P\u00fablica, Ensino de Sociologia, Doc\u00eancia da Educa\u00e7\u00e3o, Libras e Servi\u00e7o Social na Pol\u00edtica de Assist\u00eancia, al\u00e9m das p\u00f3s, o Polo de S\u00e3o Jos\u00e9 da Laje aguarda a libera\u00e7\u00e3o de novos editais para gradua\u00e7\u00e3o em Gest\u00e3o Hospitalar, Matem\u00e1tica, Letras e Biologia.<\/p>\n<p>&nbsp;<\/p>\n<p>Por SECOM\/S\u00e3o Jos\u00e9 da Laje\/AL<\/p>\n<span style=\"clear:both;display:none;\"><img src=\"http:\/\/www.muricionline.com.br\/novo\/wp-content\/plugins\/wp-spamfree\/img\/wpsf-img.php\" width=\"0\" height=\"0\" alt=\"\" style=\"border-style:none;width:0px;height:0px;display:none;\" \/><\/span>","protected":false},"excerpt":{"rendered":"<p>Est\u00e3o abertas as inscri\u00e7\u00f5es para o curso de especializa\u00e7\u00e3o em Ensino de Geografia, s\u00e3o ofertadas 20 vagas na modalidade semipresencial. As inscri\u00e7\u00f5es s\u00e3o v\u00e1lidas at\u00e9 \u00e1s 23h:59min. do dia 31 de maio do corrente ano, s\u00e3o realizadas exclusivamente via internet, nos endere\u00e7os eletr\u00f4nico:&nbsp;www.copeve.ufal.br&nbsp;ou&nbsp;www.sigaa.sig.ufal.br, e custam R$ 60,00 (sessenta reais). O Edital de N\u00ba 10\/2018 est\u00e1&#8230;<\/p>\n","protected":false},"author":1,"featured_media":8626,"comment_status":"open","ping_status":"open","sticky":false,"template":"","format":"standard","meta":{"footnotes":""},"categories":[1],"tags":[5],"_links":{"self":[{"href":"http:\/\/www.muricionline.com.br\/novo\/index.php?rest_route=\/wp\/v2\/posts\/8625"}],"collection":[{"href":"http:\/\/www.muricionline.com.br\/novo\/index.php?rest_route=\/wp\/v2\/posts"}],"about":[{"href":"http:\/\/www.muricionline.com.br\/novo\/index.php?rest_route=\/wp\/v2\/types\/post"}],"author":[{"embeddable":true,"href":"http:\/\/www.muricionline.com.br\/novo\/index.php?rest_route=\/wp\/v2\/users\/1"}],"replies":[{"embeddable":true,"href":"http:\/\/www.muricionline.com.br\/novo\/index.php?rest_route=%2Fwp%2Fv2%2Fcomments&post=8625"}],"version-history":[{"count":1,"href":"http:\/\/www.muricionline.com.br\/novo\/index.php?rest_route=\/wp\/v2\/posts\/8625\/revisions"}],"predecessor-version":[{"id":8627,"href":"http:\/\/www.muricionline.com.br\/novo\/index.php?rest_route=\/wp\/v2\/posts\/8625\/revisions\/8627"}],"wp:featuredmedia":[{"embeddable":true,"href":"http:\/\/www.muricionline.com.br\/novo\/index.php?rest_route=\/wp\/v2\/media\/8626"}],"wp:attachment":[{"href":"http:\/\/www.muricionline.com.br\/novo\/index.php?rest_route=%2Fwp%2Fv2%2Fmedia&parent=8625"}],"wp:term":[{"taxonomy":"category","embeddable":true,"href":"http:\/\/www.muricionline.com.br\/novo\/index.php?rest_route=%2Fwp%2Fv2%2Fcategories&post=8625"},{"taxonomy":"post_tag","embeddable":true,"href":"http:\/\/www.muricionline.com.br\/novo\/index.php?rest_route=%2Fwp%2Fv2%2Ftags&post=8625"}],"curies":[{"name":"wp","href":"https:\/\/api.w.org\/{rel}","templated":true}]}}