{"id":8650,"date":"2018-05-24T09:15:35","date_gmt":"2018-05-24T12:15:35","guid":{"rendered":"http:\/\/www.muricionline.com.br\/novo\/?p=8650"},"modified":"2018-05-24T09:15:35","modified_gmt":"2018-05-24T12:15:35","slug":"murici-divulga-data-e-jogo-de-despedida-de-alexsandro","status":"publish","type":"post","link":"http:\/\/www.muricionline.com.br\/novo\/?p=8650","title":{"rendered":"Murici divulga data e jogo de despedida de Alexsandro"},"content":{"rendered":"<p>O adeus do camisa onze ser\u00e1 na partida contra o Flamengo-PE, no Jos\u00e9 Gomes da Costa, pela S\u00e9rie D do Brasileir\u00e3o.<\/p>\n<p>&nbsp;<\/p>\n<p>A direroria do Murici divulgou nesta quarta -feira (23), as informa\u00e7\u00f5es sobre a despedida de Alexsandro Fuma\u00e7a dos gramados. O adeus do atacante de 38 anos, acontecer\u00e1 no proximo domingo, dia 27 de maio, \u00e0s 18h, no Est\u00e1dio Jos\u00e9 Gomes da Costa, contra o Flamengo de Arcoverde.<\/p>\n<p>&nbsp;<\/p>\n<p>A partida ser\u00e1 o \u00faltimo compromisso da Verd\u00e3o pela Serie D do Brasileir\u00e3o 2018. O duelo \u00e9 v\u00e1lido pela sexta rodada da competi\u00e7\u00e3o.<\/p>\n<p>&nbsp;<\/p>\n<p>Natural de Uni\u00e3o dos Palmares, na zona da mata alagoana. Alexandro defendeu v\u00e1rios clubes alagoanos, atuando tamb\u00e9m no futebol chin\u00eas e Coreano. Jogou no ASA, CSA, Santa Rita, Zumbi, Uni\u00e3o, Coruripe, Murici, Sete de Setembro, Santa Rita, Daegu (Cor\u00e9ia do Sul) e Nanshan (China).<\/p>\n<span style=\"clear:both;display:none;\"><img src=\"http:\/\/www.muricionline.com.br\/novo\/wp-content\/plugins\/wp-spamfree\/img\/wpsf-img.php\" width=\"0\" height=\"0\" alt=\"\" style=\"border-style:none;width:0px;height:0px;display:none;\" \/><\/span>","protected":false},"excerpt":{"rendered":"<p>O adeus do camisa onze ser\u00e1 na partida contra o Flamengo-PE, no Jos\u00e9 Gomes da Costa, pela S\u00e9rie D do Brasileir\u00e3o. &nbsp; A direroria do Murici divulgou nesta quarta -feira (23), as informa\u00e7\u00f5es sobre a despedida de Alexsandro Fuma\u00e7a dos gramados. O adeus do atacante de 38 anos, acontecer\u00e1 no proximo domingo, dia 27 de&#8230;<\/p>\n","protected":false},"author":1,"featured_media":8651,"comment_status":"open","ping_status":"open","sticky":false,"template":"","format":"standard","meta":{"footnotes":""},"categories":[7,1],"tags":[5],"_links":{"self":[{"href":"http:\/\/www.muricionline.com.br\/novo\/index.php?rest_route=\/wp\/v2\/posts\/8650"}],"collection":[{"href":"http:\/\/www.muricionline.com.br\/novo\/index.php?rest_route=\/wp\/v2\/posts"}],"about":[{"href":"http:\/\/www.muricionline.com.br\/novo\/index.php?rest_route=\/wp\/v2\/types\/post"}],"author":[{"embeddable":true,"href":"http:\/\/www.muricionline.com.br\/novo\/index.php?rest_route=\/wp\/v2\/users\/1"}],"replies":[{"embeddable":true,"href":"http:\/\/www.muricionline.com.br\/novo\/index.php?rest_route=%2Fwp%2Fv2%2Fcomments&post=8650"}],"version-history":[{"count":1,"href":"http:\/\/www.muricionline.com.br\/novo\/index.php?rest_route=\/wp\/v2\/posts\/8650\/revisions"}],"predecessor-version":[{"id":8652,"href":"http:\/\/www.muricionline.com.br\/novo\/index.php?rest_route=\/wp\/v2\/posts\/8650\/revisions\/8652"}],"wp:featuredmedia":[{"embeddable":true,"href":"http:\/\/www.muricionline.com.br\/novo\/index.php?rest_route=\/wp\/v2\/media\/8651"}],"wp:attachment":[{"href":"http:\/\/www.muricionline.com.br\/novo\/index.php?rest_route=%2Fwp%2Fv2%2Fmedia&parent=8650"}],"wp:term":[{"taxonomy":"category","embeddable":true,"href":"http:\/\/www.muricionline.com.br\/novo\/index.php?rest_route=%2Fwp%2Fv2%2Fcategories&post=8650"},{"taxonomy":"post_tag","embeddable":true,"href":"http:\/\/www.muricionline.com.br\/novo\/index.php?rest_route=%2Fwp%2Fv2%2Ftags&post=8650"}],"curies":[{"name":"wp","href":"https:\/\/api.w.org\/{rel}","templated":true}]}}