{"id":8662,"date":"2018-05-27T08:23:22","date_gmt":"2018-05-27T11:23:22","guid":{"rendered":"http:\/\/www.muricionline.com.br\/novo\/?p=8662"},"modified":"2018-05-27T08:24:50","modified_gmt":"2018-05-27T11:24:50","slug":"murici-policia-civil-prende-mais-um-chefe-do-trafico-de-drogas","status":"publish","type":"post","link":"http:\/\/www.muricionline.com.br\/novo\/?p=8662","title":{"rendered":"Murici: Pol\u00edcia Civil prende mais um chefe do tr\u00e1fico de drogas"},"content":{"rendered":"<p>Policiais civis do 116\u00ba Distrito Policial (DP), sob o comando do delegado Cayo Rodrigues, prenderam nesta sexta-feira (25) mais um chefe do tr\u00e1fico de drogas que atuava na cidade de Murici. O acusado foi detido no momento que estava tentando fugir para S\u00e3o Paulo.<\/p>\n<p>De acordo com informa\u00e7\u00f5es da Pol\u00edcia Civil, T\u00falio Welligton dos Santos, 21 anos, conheci como \u201d Fim dos Tempos\u201d, era o chefe do tr\u00e1fico da localidade conhecida como Torre. Ele foi preso na rodovia BR-104, ap\u00f3s a equipe policial interceptar o \u00f4nibus em que ele fugia.<\/p>\n<p>Um agente da PC, que participou da pris\u00e3o, disse que T\u00falio estava fugindo para a cidade de S\u00e3o Paulo por temer ser preso ap\u00f3s a\u00e7\u00e3o desencadeada para desarticular os l\u00edderes do tr\u00e1fico de drogas na cidade de Murici.<\/p>\n<p>Durante a abordagem T\u00falio foi flagrado com um tablete de maconha e tamb\u00e9m foi autuado em flagrante.<\/p>\n<p>Na \u00faltima quinta-feira (24), sob o comando do delegado Cayo Rodrigues, policiais civis e militares prenderam 15 adultos, e dois adolescentes foram apreendidos em Murici, S\u00e3o Miguel dos Campos e no estado do Rio de Janeiro, por envolvimento com o tr\u00e1fico de drogas na regi\u00e3o da Zona da Mata alagoana.<\/p>\n<p>A Pol\u00edcia Civil comunicou ainda que mais pris\u00f5es podem acontecer a qualquer momento, pois o trabalho de investiga\u00e7\u00e3o e localiza\u00e7\u00e3o de envolvidos com o tr\u00e1fico de drogas, e outros crimes, continua na cidade de Murici e regi\u00e3o.<\/p>\n<p>&nbsp;<\/p>\n<p>Com Assessoria de Comunica\u00e7\u00e3o&nbsp;<\/p>\n<span style=\"clear:both;display:none;\"><img src=\"http:\/\/www.muricionline.com.br\/novo\/wp-content\/plugins\/wp-spamfree\/img\/wpsf-img.php\" width=\"0\" height=\"0\" alt=\"\" style=\"border-style:none;width:0px;height:0px;display:none;\" \/><\/span>","protected":false},"excerpt":{"rendered":"<p>Policiais civis do 116\u00ba Distrito Policial (DP), sob o comando do delegado Cayo Rodrigues, prenderam nesta sexta-feira (25) mais um chefe do tr\u00e1fico de drogas que atuava na cidade de Murici. O acusado foi detido no momento que estava tentando fugir para S\u00e3o Paulo. De acordo com informa\u00e7\u00f5es da Pol\u00edcia Civil, T\u00falio Welligton dos Santos,&#8230;<\/p>\n","protected":false},"author":1,"featured_media":8663,"comment_status":"open","ping_status":"open","sticky":false,"template":"","format":"standard","meta":{"footnotes":""},"categories":[1],"tags":[5],"_links":{"self":[{"href":"http:\/\/www.muricionline.com.br\/novo\/index.php?rest_route=\/wp\/v2\/posts\/8662"}],"collection":[{"href":"http:\/\/www.muricionline.com.br\/novo\/index.php?rest_route=\/wp\/v2\/posts"}],"about":[{"href":"http:\/\/www.muricionline.com.br\/novo\/index.php?rest_route=\/wp\/v2\/types\/post"}],"author":[{"embeddable":true,"href":"http:\/\/www.muricionline.com.br\/novo\/index.php?rest_route=\/wp\/v2\/users\/1"}],"replies":[{"embeddable":true,"href":"http:\/\/www.muricionline.com.br\/novo\/index.php?rest_route=%2Fwp%2Fv2%2Fcomments&post=8662"}],"version-history":[{"count":2,"href":"http:\/\/www.muricionline.com.br\/novo\/index.php?rest_route=\/wp\/v2\/posts\/8662\/revisions"}],"predecessor-version":[{"id":8665,"href":"http:\/\/www.muricionline.com.br\/novo\/index.php?rest_route=\/wp\/v2\/posts\/8662\/revisions\/8665"}],"wp:featuredmedia":[{"embeddable":true,"href":"http:\/\/www.muricionline.com.br\/novo\/index.php?rest_route=\/wp\/v2\/media\/8663"}],"wp:attachment":[{"href":"http:\/\/www.muricionline.com.br\/novo\/index.php?rest_route=%2Fwp%2Fv2%2Fmedia&parent=8662"}],"wp:term":[{"taxonomy":"category","embeddable":true,"href":"http:\/\/www.muricionline.com.br\/novo\/index.php?rest_route=%2Fwp%2Fv2%2Fcategories&post=8662"},{"taxonomy":"post_tag","embeddable":true,"href":"http:\/\/www.muricionline.com.br\/novo\/index.php?rest_route=%2Fwp%2Fv2%2Ftags&post=8662"}],"curies":[{"name":"wp","href":"https:\/\/api.w.org\/{rel}","templated":true}]}}