{"id":8669,"date":"2018-05-27T08:45:11","date_gmt":"2018-05-27T11:45:11","guid":{"rendered":"http:\/\/www.muricionline.com.br\/novo\/?p=8669"},"modified":"2018-05-27T08:45:11","modified_gmt":"2018-05-27T11:45:11","slug":"sao-jose-da-laje-e-a-primeira-cidade-do-interior-a-implantar-arquivo-publico-municipal","status":"publish","type":"post","link":"http:\/\/www.muricionline.com.br\/novo\/?p=8669","title":{"rendered":"S\u00e3o Jos\u00e9 da Laje \u00e9 a primeira cidade do interior a implantar Arquivo P\u00fablico Municipal"},"content":{"rendered":"<div class=\"itemHeader\">\n<div id=\"hat_content\">Ela \u00e9 conhecida na microrregi\u00e3o serrana dos Quilombos alagoanos como a Princesa da Fronteira. Sua atmosfera de ar l\u00edmpido das serras e matas n\u00e3o s\u00f3 distribui ar puro aos nativos e turistas que a visitam. Distribui&nbsp;\u2014 e tamb\u00e9m respira&nbsp;\u2014 muita hist\u00f3ria.<\/div>\n<\/div>\n<div class=\"itemBody\">\n<div class=\"itemFullText\">\n<p>&nbsp;<\/p>\n<p>Assim \u00e9 o munic\u00edpio de S\u00e3o Jos\u00e9 da Laje, situado na Microrregi\u00e3o Quilombo dos Palmares, com limites entre Santana do Munda\u00fa, Uni\u00e3o dos Palmares, Ibateguara e Canhotinho (PE). Foi denominado como distrito de S\u00e3o Jos\u00e9 da Laje pela lei provincial n\u00ba 885, de 30 de junho de 1882 e elevado \u00e0 categoria de cidade pela lei estadual n\u00ba 681, de 16 de junho de 1920.<br \/>\n.<\/p>\n<p>&nbsp;<\/p>\n<p>Esta cidade alagoana com tantos atributos e \u00edntima da natureza ser\u00e1 a primeira do interior do Estado a ter um Arquivo P\u00fablico Municipal, com apoio do Governo de Alagoas, por meio do Arquivo P\u00fablico de Alagoas (APA). O an\u00fancio foi feito durante o 10\u00ba Ch\u00e1 de Mem\u00f3ria essa semana, no evento cultural que j\u00e1 faz parte do calend\u00e1rio da popula\u00e7\u00e3o local.<\/p>\n<p>&nbsp;<\/p>\n<p><img decoding=\"async\" class=\"jg_photo\" src=\"http:\/\/www.agenciaalagoas.al.gov.br\/component\/joomgallery\/image?view=image&amp;format=raw&amp;id=33818&amp;type=img\" alt=\"S\u00e3o Jos\u00e9 da Lage ser\u00e1 a primeira cidade do interior do Estado de Alagoas a ter um Arquivo P\u00fablico Municipal (Neno Canuto e Ascom)\"><\/p>\n<p>&nbsp;<\/p>\n<p>O projeto \u00e9 uma iniciativa do Arquivo P\u00fablico de Alagoas (APA), coordenado pelo Gabinete Civil do Estado, e que tem dado suporte para estimular os munic\u00edpios alagoanos a resgatarem suas hist\u00f3rias e origens.<\/p>\n<p>&nbsp;<\/p>\n<p>O munic\u00edpio de pouco mais de 24 mil habitantes tem como principal vetor econ\u00f4mico a cultura da cana-de-a\u00e7\u00facar atrav\u00e9s da Usina Serra Grande, al\u00e9m da pecu\u00e1ria e culturas diversificadas em pequeno porte.<\/p>\n<p>&nbsp;<\/p>\n<p>Na semana que passou, a Prefeitura de S\u00e3o Jos\u00e9 da Laje ratificou as tratativas para a instala\u00e7\u00e3o do primeiro Arquivo P\u00fablico Municipal do Estado fora da capital alagoana.<\/p>\n<p>&nbsp;<\/p>\n<p><img decoding=\"async\" class=\"jg_photo\" src=\"http:\/\/www.agenciaalagoas.al.gov.br\/component\/joomgallery\/image?view=image&amp;format=raw&amp;id=33825&amp;type=img\" alt=\"S\u00e3o Jos\u00e9 da Lage ser\u00e1 a primeira cidade do interior do Estado de Alagoas a ter um Arquivo P\u00fablico Municipal (Neno Canuto e Ascom)\"><\/p>\n<p>&nbsp;<\/p>\n<p>&#8220;S\u00e3o Jos\u00e9 da Laje imprime na hist\u00f3ria um marco, que \u00e9 o an\u00fancio da instala\u00e7\u00e3o do primeiro Arquivo P\u00fablico no interior do Estado. A popula\u00e7\u00e3o lajense est\u00e1 de parab\u00e9ns porque o apoio da prefeitura ratifica a import\u00e2ncia dada \u00e0s origens, aos valores hist\u00f3ricos e documentais deste munic\u00edpio&#8221;, destaca a superintendente do Arquivo P\u00fablico de Alagoas, Wilma N\u00f3brega. A gestora representou o governo do Estado no evento e nas tratativas para implantar o equipamento cultural na cidade.<\/p>\n<p>&nbsp;<\/p>\n<p>De acordo com a superintendente, j\u00e1 vem sendo prestada assessoria t\u00e9cnica quanto \u00e0s diretrizes para instala\u00e7\u00e3o desse importante equipamento p\u00fablico, desde o monitoramento do espa\u00e7o f\u00edsico, dos materiais, recursos humanos, al\u00e9m da coleta de documentos junto aos \u00f3rg\u00e3os e os munic\u00edpios, disponibiliza\u00e7\u00e3o de treinamento quanto \u00e0 organiza\u00e7\u00e3o t\u00e9cnica, de acordo com as normas arquiv\u00edsticas e de preserva\u00e7\u00e3o, conserva\u00e7\u00e3o e guarda dos acervos em seus mais variados suportes.<\/p>\n<p>&nbsp;<\/p>\n<p><img decoding=\"async\" class=\"jg_photo\" src=\"http:\/\/www.agenciaalagoas.al.gov.br\/component\/joomgallery\/image?view=image&amp;format=raw&amp;id=33823&amp;type=img\" alt=\"S\u00e3o Jos\u00e9 da Lage ser\u00e1 a primeira cidade do interior do Estado de Alagoas a ter um Arquivo P\u00fablico Municipal (Neno Canuto e Ascom)\"><\/p>\n<p>&nbsp;<\/p>\n<p><strong>Figuras ilustres e filhos da terra<\/strong><\/p>\n<p>&nbsp;<\/p>\n<p>O futuro Arquivo P\u00fablico Municipal est\u00e1 localizado em uma \u00e1rea nobre da cidade, na Pra\u00e7a Padre C\u00edcero. S\u00e3o Jos\u00e9 da Laje \u00e9 conhecido por ser uma cidade de figuras ilustres. S\u00e3o poetas, artistas, m\u00fasicos, imortais do Instituto Hist\u00f3rico Geogr\u00e1fico de Alagoas (IHGAL).<\/p>\n<p>&nbsp;<\/p>\n<p>&#8220;O Arquivo P\u00fablico Municipal ser\u00e1 aberto aos lajenses, para visitas, pesquisas de alunos das escolas estaduais e municipais, porque vai resgatar diversos documentos relevantes para a hist\u00f3ria da cidade. Teremos nossa hist\u00f3ria resgatada por meio de fotos, documentos, document\u00e1rios, v\u00eddeos, reportagens, jornal, hist\u00f3rias das quatro grandes enchentes de1914, 1941, 1969, 2010, galeria com fotos de todos os prefeitos, hist\u00f3rias das fam\u00edlias que prestaram servi\u00e7os \u00e0 cidade, enfim, toda a hist\u00f3ria do povo lajense,\u201d completa a secret\u00e1ria de Cultura e Turismo, Jacineide Maia.<\/p>\n<p>&nbsp;<\/p>\n<p><strong>Ch\u00e1 de Mem\u00f3ria, instrumento tamb\u00e9m para novas gera\u00e7\u00f5es<\/strong><\/p>\n<p>&nbsp;<\/p>\n<p>O evento cultural e festivo que ratificou o munic\u00edpio como primeiro do Estado a implantar um Arquivo P\u00fablico ocorreu na ter\u00e7a-feira (23), durante o d\u00e9cimo Ch\u00e1 de Mem\u00f3ria, na Biblioteca P\u00fablica Fernando Galv\u00e3o de Pontes. O p\u00fablico presente foi brindado com o tema &#8220;A an\u00e1lise da agricultura em S\u00e3o Jos\u00e9 da Laje e a participa\u00e7\u00e3o da mulher&#8221;, com o palestrante e secret\u00e1rio de Agricultura do munic\u00edpio, Roger Cavalcante.<\/p>\n<p>&nbsp;<\/p>\n<p>Durante o Ch\u00e1, houve exposi\u00e7\u00e3o de arquivos com nomes de fam\u00edlias tradicionais da cidade, a exemplo do ex-governador de Alagoas Theobaldo Barbosa, e outras fam\u00edlias importantes de ber\u00e7o lajense.<\/p>\n<p>&nbsp;<\/p>\n<p><img decoding=\"async\" class=\"jg_photo\" src=\"http:\/\/www.agenciaalagoas.al.gov.br\/component\/joomgallery\/image?view=image&amp;format=raw&amp;id=33822&amp;type=img\" alt=\"S\u00e3o Jos\u00e9 da Lage ser\u00e1 a primeira cidade do interior do Estado de Alagoas a ter um Arquivo P\u00fablico Municipal (Neno Canuto e Ascom)\"><\/p>\n<p>&nbsp;<\/p>\n<p>Para a professora Ana Paula Mendes, secret\u00e1ria municipal de Educa\u00e7\u00e3o, o evento do Ch\u00e1 de Mem\u00f3ria, al\u00e9m de propiciar uma viagem ao passado e o consequente resgate da mem\u00f3ria do munic\u00edpio, d\u00e1 aos alunos das escolas convidadas o sentimento de pertencimento e a potencializa\u00e7\u00e3o na divulga\u00e7\u00e3o do pr\u00f3prio munic\u00edpio. &#8220;Nossos alunos t\u00eam se tornado multiplicadores da nossa hist\u00f3ria e cultura&#8221;, atesta.<\/p>\n<p>&nbsp;<\/p>\n<p>Na \u00faltima edi\u00e7\u00e3o, com intuito de democratizar o conhecimento dos temas do evento, foram convidados alunos de tr\u00eas escolas municipais, cada uma com 10 estudantes. O resultado \u00e9 que o espa\u00e7o foi pequeno para a comodar a estudantada e os professores.<\/p>\n<p>&nbsp;<\/p>\n<p><img decoding=\"async\" class=\"jg_photo\" src=\"http:\/\/www.agenciaalagoas.al.gov.br\/component\/joomgallery\/image?view=image&amp;format=raw&amp;id=33826&amp;type=img\" alt=\"S\u00e3o Jos\u00e9 da Lage ser\u00e1 a primeira cidade do interior do Estado de Alagoas a ter um Arquivo P\u00fablico Municipal (Neno Canuto e Ascom)\"><\/p>\n<p>&nbsp;<\/p>\n<p>&#8220;\u00c9 muito bom ver gente em p\u00e9, mas por um \u00f3timo motivo, com \u00e2nsia de conhecer um pouco mais sobre esta terra t\u00e3o querida&#8221;, completou a secret\u00e1ria.<\/p>\n<p>&nbsp;<\/p>\n<p>Uma das divulgadoras do que viu no Ch\u00e1 de Mem\u00f3ria realizado recentemente ser\u00e1 a estudante Ingrid Raquel de Almeida, 13 anos, do 8\u00ba ano e aluna da Escola Municipal Maria do Ros\u00e1rio. &#8220;\u00c9 uma oportunidade de ter conhecimento de minha cidade e repassar aos meus amigos&#8221;, diz a menina que mora afastada da parte central da cidade. Colega de Ingrid, a estudante Maria Gabriela, tamb\u00e9m 13 anos, ratifica a condi\u00e7\u00e3o de divulgadora da cultura e hist\u00f3ria. &#8220;Quero aprender mais para eu mesma contar a hist\u00f3ria de minha cidade&#8221;, completa Gabriela.<\/p>\n<p>&nbsp;<\/p>\n<p><img decoding=\"async\" class=\"jg_photo\" src=\"http:\/\/www.agenciaalagoas.al.gov.br\/component\/joomgallery\/image?view=image&amp;format=raw&amp;id=33824&amp;type=img\" alt=\"S\u00e3o Jos\u00e9 da Lage ser\u00e1 a primeira cidade do interior do Estado de Alagoas a ter um Arquivo P\u00fablico Municipal (Neno Canuto e Ascom)\"><\/p>\n<p>&nbsp;<\/p>\n<p>&nbsp;<\/p>\n<p><strong>Cidade carrega cicatrizes dif\u00edceis de esquecer<\/strong><\/p>\n<p>&nbsp;<\/p>\n<p>Al\u00e9m de seu aspecto buc\u00f3lico e cultural, S\u00e3o Jos\u00e9 da Laje carrega consigo marcas dif\u00edceis de cicatrizar. Uma delas a tromba de \u00e1gua que caiu no dia 14 de mar\u00e7o de 1969 e, recentemente, a enxurrada de 2010 que fez os rios Munda\u00fa e Para\u00edba arrastarem tudo pela frente.<\/p>\n<p>&nbsp;<\/p>\n<p>Em 1969, por exemplo, em p\u00e2nico, os moradores subiam \u00e0s cumeeiras das casas na tentativa de se salvarem. Alguns escaparam, mas a maioria foi arrastada pela violenta correnteza que sucedeu \u00e0 tromba d\u2019\u00e1gua.<\/p>\n<p>&nbsp;<\/p>\n<p>As \u00e1guas desceram pelo Rio Canhoto, passaram em S\u00e3o Jos\u00e9 da Laje e um pouco abaixo recebeu as \u00e1guas do Rio Inha\u00fama e foi se juntar ao Rio Munda\u00fa em Uni\u00e3o dos Palmares, compondo um imenso volume d\u2019\u00e1gua provocando destrui\u00e7\u00e3o at\u00e9 a Lagoa Munda\u00fa, em Macei\u00f3, que sofreu inunda\u00e7\u00f5es no bairro do Trapiche da Barra.<\/p>\n<p>&nbsp;<\/p>\n<p><img decoding=\"async\" class=\"jg_photo\" src=\"http:\/\/www.agenciaalagoas.al.gov.br\/component\/joomgallery\/image?view=image&amp;format=raw&amp;id=33819&amp;type=img\" alt=\"S\u00e3o Jos\u00e9 da Lage ser\u00e1 a primeira cidade do interior do Estado de Alagoas a ter um Arquivo P\u00fablico Municipal (Neno Canuto e Ascom)\"><\/p>\n<p>&nbsp;<\/p>\n<p>Os t\u00e9cnicos avaliaram na \u00e9poca que o volume de \u00e1gua de 1969 era inferior ao da cheia de 1962. Os danos teriam sido ampliados por causa da destrui\u00e7\u00e3o da barragem da Usina Serra Grande, que provocou a tromba d\u2019\u00e1gua, arrasando a cidade e a pr\u00f3pria usina, que era considerada a segunda maior de Alagoas e sofreu perdas materiais superiores a 4 milh\u00f5es de cruzeiros novos, \u00e0 \u00e9poca. S\u00f3 de a\u00e7\u00facar essa perda foi de 100 mil sacas.<\/p>\n<p>&nbsp;<\/p>\n<p>Mas as maiores perdas foram mesmo de vidas humanas. At\u00e9 hoje n\u00e3o se sabe com precis\u00e3o a quantidade de mortos daquela cheia. O levantamento do n\u00famero de corpos encontrados ultrapassa os 400, mas pode ter sido maior.<\/p>\n<p>&nbsp;<\/p>\n<p><strong>&#8220;Estrangeiros&#8221;, uma tradi\u00e7\u00e3o na Princesa da Fronteira<\/strong><\/p>\n<p>&nbsp;<\/p>\n<p>De acordo com relato feito pelo escritor Fernando Galv\u00e3o de Pontes, publicado originalmente na Revista do Instituto Hist\u00f3rico e Geogr\u00e1fico de Alagoas (IHGA), volume 35, em 1985, S\u00e3o Jos\u00e9 da Laje sempre flertou com figuras e personalidades que d\u00e3o um certo ar de &#8220;internacionaliza\u00e7\u00e3o&#8221; ou &#8220;estrangeirismo&#8221; ao lugar de sentimentos brejeiros das serras das Alagoas.<\/p>\n<p>&nbsp;<\/p>\n<p>No relato, foi na Laje que aterrissou gente como o engenheiro Franz Fred Schimidt, de nacionalidade alem\u00e3, que trabalhou na Usina Serra Grande, no in\u00edcio do s\u00e9culo passado, por interm\u00e9dio de amigos do coronel Carlos Lyra, um importante empreendedor do lugar.<\/p>\n<p>&nbsp;<\/p>\n<p>Seus trabalhos de engenharia foram os seguintes: a ponte met\u00e1lica para a estrada de ferro, em Santo Ant\u00f4nio, ligando os dois centros fabris: Serra Grande e Apolin\u00e1rio. A ponte em Serra Grande ligando o escrit\u00f3rio central \u00e0 esta\u00e7\u00e3o da The Great Western of Brazil Railway Company Limited, empresa ferrovi\u00e1ria inglesa que construiu e explorou ferrovias no Nordeste do Brasil.<\/p>\n<p>&nbsp;<\/p>\n<p>E para n\u00e3o fugir \u00e0s tradi\u00e7\u00f5es da apraz\u00edvel e velha Laje de receber bem os &#8220;estrangeiros&#8221;, quem encontra-se nesta condi\u00e7\u00e3o \u00e9 ningu\u00e9m menos que Jerciton J\u00fanior, 54 anos, que ocupa o cargo de vice-prefeito da cidade.<\/p>\n<p>&nbsp;<\/p>\n<p><img decoding=\"async\" class=\"jg_photo\" src=\"http:\/\/www.agenciaalagoas.al.gov.br\/component\/joomgallery\/image?view=image&amp;format=raw&amp;id=33820&amp;type=img\" alt=\"S\u00e3o Jos\u00e9 da Lage ser\u00e1 a primeira cidade do interior do Estado de Alagoas a ter um Arquivo P\u00fablico Municipal (Neno Canuto e Ascom)\"><\/p>\n<p>&nbsp;<\/p>\n<p>J\u00fanior&nbsp;\u2014 um engenheiro pernambucano que chegou \u00e0 Laje no fim dos anos 1990 para trabalhar e se considera um lajense de cora\u00e7\u00e3o e alma&nbsp;\u2014 ratifica o desejo da prefeitura em fincar terreno com um marco que coloca o munic\u00edpio como pioneiro na instala\u00e7\u00e3o do Arquivo P\u00fablico Municipal entre todas as cidades do interior do Estado de Alagoas.<\/p>\n<p>&nbsp;<\/p>\n<p>&#8220;\u00c9 sem d\u00favida um marco important\u00edssimo para todos n\u00f3s lajenses e para Alagoas. \u00c9 a reafirma\u00e7\u00e3o do nosso compromisso com este munic\u00edpio riqu\u00edssimo em hist\u00f3ria e cultura, e no qual contamos para que este filho nas\u00e7a, com apoio dos artistas e historiadores do munic\u00edpio&#8221; ressalta o vice-prefeito.<\/p>\n<p>&nbsp;<\/p>\n<p>&#8220;Vamos inaugurar tamb\u00e9m o Mirante de S\u00e3o Jos\u00e9 (padroeiro) para agregar mais valor \u00e0 cultura e ao turismo&#8221;, completa J\u00fanior. Sobre uma poss\u00edvel data para inaugurar o Arquivo P\u00fablico, J\u00fanior informa. &#8220;Sabemos que dependemos dos processos licitat\u00f3rios para compra de material e equipamentos para instalar o nosso Arquivo P\u00fablico, mas estamos trabalhando com a data de 28 de julho, que \u00e9 a data de nossa emancipa\u00e7\u00e3o&#8221;, completa.<\/p>\n<p>&nbsp;<\/p>\n<p>Ainda na tradi\u00e7\u00e3o estrangeira da velha Laje foi l\u00e1 que tamb\u00e9m aportaram figuras como a italiana Balbina Cassella, que fora comerciante durante muitos anos, casada com Arthurt Neves, conhecido pelo povo lajense como tenente Arthurt, propriet\u00e1rio da \u201cFarm\u00e1cia Farol da Medicina\u201d. De forma\u00e3o erudita, Balbina sabia m\u00fasica e tocava piano.<\/p>\n<p>&nbsp;<\/p>\n<p>Foi a Laje tamb\u00e9m que recebeu o russo Salom\u00e3o Nutels, fornecedor de g\u00eaneros aliment\u00edcios ao ex\u00e9rcito russo, no tempo do regime czarista. Atra\u00eddo pela lenda de que na Argentina ouro e diamante se encontravam com facilidade, em 1914 para l\u00e1 se dirigiu com esperan\u00e7as de se tornar rico. Com o dinheiro escasseando, resolveu voltar \u00e0 Europa, num navio alem\u00e3o.<\/p>\n<p>&nbsp;<\/p>\n<p>Em Recife o navio foi preso e Salom\u00e3o, confundido com alem\u00e3o fugiu \u00e0s pressas. \u00c9 que o povo de origem alem\u00e3 estava sendo perseguido, por\u00e9m no outro dia ele toma o trem e vai para uma cidadezinha do interior de Alagoas, Laje do Canhoto. Era uma pequena vila que praticamente vivia da cana-de-a\u00e7\u00facar, al\u00e9m de uma dezena de pequenos engenhos produtores de rapadura, a\u00e7\u00facar mascavo. aguardente (cacha\u00e7a) e uma usina.<\/p>\n<p>&nbsp;<\/p>\n<p>&nbsp;Salom\u00e3o montou a Loja da Moda no \u00fanico sobrado de S\u00e3o Jos\u00e9 da Laje, onde pela primeira vez foi instalado o sistema de vendas a prazo.<\/p>\n<p>&nbsp;<\/p>\n<\/div>\n<p>Com Ag\u00eancia Alagoas&nbsp;<\/p>\n<\/div>\n<span style=\"clear:both;display:none;\"><img src=\"http:\/\/www.muricionline.com.br\/novo\/wp-content\/plugins\/wp-spamfree\/img\/wpsf-img.php\" width=\"0\" height=\"0\" alt=\"\" style=\"border-style:none;width:0px;height:0px;display:none;\" \/><\/span>","protected":false},"excerpt":{"rendered":"<p>Ela \u00e9 conhecida na microrregi\u00e3o serrana dos Quilombos alagoanos como a Princesa da Fronteira. Sua atmosfera de ar l\u00edmpido das serras e matas n\u00e3o s\u00f3 distribui ar puro aos nativos e turistas que a visitam. Distribui&nbsp;\u2014 e tamb\u00e9m respira&nbsp;\u2014 muita hist\u00f3ria. &nbsp; Assim \u00e9 o munic\u00edpio de S\u00e3o Jos\u00e9 da Laje, situado na Microrregi\u00e3o Quilombo&#8230;<\/p>\n","protected":false},"author":1,"featured_media":8670,"comment_status":"open","ping_status":"open","sticky":false,"template":"","format":"standard","meta":{"footnotes":""},"categories":[1],"tags":[5],"_links":{"self":[{"href":"http:\/\/www.muricionline.com.br\/novo\/index.php?rest_route=\/wp\/v2\/posts\/8669"}],"collection":[{"href":"http:\/\/www.muricionline.com.br\/novo\/index.php?rest_route=\/wp\/v2\/posts"}],"about":[{"href":"http:\/\/www.muricionline.com.br\/novo\/index.php?rest_route=\/wp\/v2\/types\/post"}],"author":[{"embeddable":true,"href":"http:\/\/www.muricionline.com.br\/novo\/index.php?rest_route=\/wp\/v2\/users\/1"}],"replies":[{"embeddable":true,"href":"http:\/\/www.muricionline.com.br\/novo\/index.php?rest_route=%2Fwp%2Fv2%2Fcomments&post=8669"}],"version-history":[{"count":1,"href":"http:\/\/www.muricionline.com.br\/novo\/index.php?rest_route=\/wp\/v2\/posts\/8669\/revisions"}],"predecessor-version":[{"id":8671,"href":"http:\/\/www.muricionline.com.br\/novo\/index.php?rest_route=\/wp\/v2\/posts\/8669\/revisions\/8671"}],"wp:featuredmedia":[{"embeddable":true,"href":"http:\/\/www.muricionline.com.br\/novo\/index.php?rest_route=\/wp\/v2\/media\/8670"}],"wp:attachment":[{"href":"http:\/\/www.muricionline.com.br\/novo\/index.php?rest_route=%2Fwp%2Fv2%2Fmedia&parent=8669"}],"wp:term":[{"taxonomy":"category","embeddable":true,"href":"http:\/\/www.muricionline.com.br\/novo\/index.php?rest_route=%2Fwp%2Fv2%2Fcategories&post=8669"},{"taxonomy":"post_tag","embeddable":true,"href":"http:\/\/www.muricionline.com.br\/novo\/index.php?rest_route=%2Fwp%2Fv2%2Ftags&post=8669"}],"curies":[{"name":"wp","href":"https:\/\/api.w.org\/{rel}","templated":true}]}}