{"id":8673,"date":"2018-05-28T21:57:40","date_gmt":"2018-05-29T00:57:40","guid":{"rendered":"http:\/\/www.muricionline.com.br\/novo\/?p=8673"},"modified":"2018-05-28T21:57:40","modified_gmt":"2018-05-29T00:57:40","slug":"governador-participa-do-lancamento-do-projeto-abracando-o-controle-social","status":"publish","type":"post","link":"http:\/\/www.muricionline.com.br\/novo\/?p=8673","title":{"rendered":"Governador participa do lan\u00e7amento do projeto Abra\u00e7ando o Controle Social"},"content":{"rendered":"<div class=\"itemHeader\">\n<div id=\"hat_content\">O governador Renan Filho participa, nesta ter\u00e7a-feira (29), do lan\u00e7amento do projeto Abra\u00e7ando o Controle Social. O evento, que contar\u00e1 com a realiza\u00e7\u00e3o do&nbsp;talk show \u201cContabilizando Atitudes, Multiplicando Boas Pr\u00e1ticas\u201d, ocorre a partir das 8h30 no Hotel Best Western Premier, na Paju\u00e7ara, em Macei\u00f3. A realiza\u00e7\u00e3o \u00e9 da Controladoria-Geral do Estado (CGE), em parceria com o Conselho Federal de Contabilidade (CFC) e o Conselho Regional de Contabilidade de Alagoas (CRCAL).<\/div>\n<\/div>\n<p><!--more--><\/p>\n<div class=\"itemBody\">\n<div class=\"itemFullText\">\n<p>&nbsp;<\/p>\n<p>Vale ressaltar que Alagoas conquistou o 1\u00ba lugar no ranking da Escala Brasil Transparente (EBT) do Minist\u00e9rio da Transpar\u00eancia e Controladoria-Geral da Uni\u00e3o. Agora, a CGE visa, com o projeto Abra\u00e7ando o Controle Social, conscientizar os profissionais da contabilidade e os gestores de Controle Interno sobre a import\u00e2ncia das ferramentas e dos mecanismos de controle social disponibilizados pelo Governo.<\/p>\n<p>&nbsp;<\/p>\n<p>Na ocasi\u00e3o, ser\u00e1 lan\u00e7ado, ainda, o primeiro Sistema Eletr\u00f4nico de Ouvidorias do Estado de Alagoas. O evento contar\u00e1 com as presen\u00e7as do ministro da Transpar\u00eancia e Controladoria-Geral da Uni\u00e3o (CGU), Wagner de Campos Ros\u00e1rio; do presidente do Conselho Federal de Contabilidade, Zumir Br\u00eada, e do ouvidor-geral da Uni\u00e3o, Gilberto Waller Junior.<\/p>\n<p>&nbsp;<\/p>\n<p><b>Servi\u00e7o<\/b>:<\/p>\n<p>&nbsp;<\/p>\n<p>Governador participa do lan\u00e7amento do projeto Abra\u00e7ando o Controle Social<\/p>\n<p><b>Data :&nbsp;<\/b>29 de maio<\/p>\n<p><b>Hor\u00e1rio:<\/b>&nbsp;08h30<\/p>\n<p><b>Local:&nbsp;<\/b>Hotel Best Western Premier, na Paju\u00e7ara, em Macei\u00f3<\/p>\n<p><b>Mais informa\u00e7\u00f5es:&nbsp;<\/b>(82) 3315 3620 \/ 9 9645 1269 \/ 9 8833 2458<\/p>\n<p>&nbsp;<\/p>\n<\/div>\n<p>Com Ag\u00eancia Alagoas<\/p>\n<\/div>\n<span style=\"clear:both;display:none;\"><img src=\"http:\/\/www.muricionline.com.br\/novo\/wp-content\/plugins\/wp-spamfree\/img\/wpsf-img.php\" width=\"0\" height=\"0\" alt=\"\" style=\"border-style:none;width:0px;height:0px;display:none;\" \/><\/span>","protected":false},"excerpt":{"rendered":"<p>O governador Renan Filho participa, nesta ter\u00e7a-feira (29), do lan\u00e7amento do projeto Abra\u00e7ando o Controle Social. O evento, que contar\u00e1 com a realiza\u00e7\u00e3o do&nbsp;talk show \u201cContabilizando Atitudes, Multiplicando Boas Pr\u00e1ticas\u201d, ocorre a partir das 8h30 no Hotel Best Western Premier, na Paju\u00e7ara, em Macei\u00f3. A realiza\u00e7\u00e3o \u00e9 da Controladoria-Geral do Estado (CGE), em parceria com&#8230;<\/p>\n","protected":false},"author":1,"featured_media":8674,"comment_status":"open","ping_status":"open","sticky":false,"template":"","format":"standard","meta":{"footnotes":""},"categories":[1],"tags":[5],"_links":{"self":[{"href":"http:\/\/www.muricionline.com.br\/novo\/index.php?rest_route=\/wp\/v2\/posts\/8673"}],"collection":[{"href":"http:\/\/www.muricionline.com.br\/novo\/index.php?rest_route=\/wp\/v2\/posts"}],"about":[{"href":"http:\/\/www.muricionline.com.br\/novo\/index.php?rest_route=\/wp\/v2\/types\/post"}],"author":[{"embeddable":true,"href":"http:\/\/www.muricionline.com.br\/novo\/index.php?rest_route=\/wp\/v2\/users\/1"}],"replies":[{"embeddable":true,"href":"http:\/\/www.muricionline.com.br\/novo\/index.php?rest_route=%2Fwp%2Fv2%2Fcomments&post=8673"}],"version-history":[{"count":1,"href":"http:\/\/www.muricionline.com.br\/novo\/index.php?rest_route=\/wp\/v2\/posts\/8673\/revisions"}],"predecessor-version":[{"id":8675,"href":"http:\/\/www.muricionline.com.br\/novo\/index.php?rest_route=\/wp\/v2\/posts\/8673\/revisions\/8675"}],"wp:featuredmedia":[{"embeddable":true,"href":"http:\/\/www.muricionline.com.br\/novo\/index.php?rest_route=\/wp\/v2\/media\/8674"}],"wp:attachment":[{"href":"http:\/\/www.muricionline.com.br\/novo\/index.php?rest_route=%2Fwp%2Fv2%2Fmedia&parent=8673"}],"wp:term":[{"taxonomy":"category","embeddable":true,"href":"http:\/\/www.muricionline.com.br\/novo\/index.php?rest_route=%2Fwp%2Fv2%2Fcategories&post=8673"},{"taxonomy":"post_tag","embeddable":true,"href":"http:\/\/www.muricionline.com.br\/novo\/index.php?rest_route=%2Fwp%2Fv2%2Ftags&post=8673"}],"curies":[{"name":"wp","href":"https:\/\/api.w.org\/{rel}","templated":true}]}}