{"id":8676,"date":"2018-05-28T22:01:09","date_gmt":"2018-05-29T01:01:09","guid":{"rendered":"http:\/\/www.muricionline.com.br\/novo\/?p=8676"},"modified":"2018-05-28T22:01:09","modified_gmt":"2018-05-29T01:01:09","slug":"membros-do-conselho-municipal-da-educacao-de-santana-do-mundau-tomam-posse","status":"publish","type":"post","link":"http:\/\/www.muricionline.com.br\/novo\/?p=8676","title":{"rendered":"Membros do Conselho Municipal da Educa\u00e7\u00e3o de Santana do Munda\u00fa tomam posse"},"content":{"rendered":"<p>A prefeitura de Santana do Munda\u00fa, por meio da Secret\u00e1ria de Educa\u00e7\u00e3o, promoveu a solenidade de posse&nbsp;dos novos membros do Conselho Municipal de Educa\u00e7\u00e3o para o bi\u00eanio 2018\/2020.&nbsp;Durante&nbsp;o&nbsp;ato,&nbsp;a secret\u00e1ria&nbsp;Daniele M\u00e1rcia, destacou a participa\u00e7\u00e3o do Conselho&nbsp;como instrumento da sociedade para deliberar, assessorar, normatizar, orientar, acompanhar e fiscalizar o sistema municipal de ensino.&nbsp;\u201cO Conselho \u00e9 muito importante para que os profissionais envolvidos na \u00e1rea e a sociedade, direcionem os trabalhos realizados pelo munic\u00edpio. O intuito \u00e9 buscar o desenvolvimento e implementa\u00e7\u00e3o das ferramentas que garantir\u00e3o melhores resultados no aprendizado das nossas crian\u00e7as\u201d,&nbsp;defendeu.<\/p>\n<p><a href=\"http:\/\/www.muricionline.com.br\/novo\/wp-content\/uploads\/2018\/05\/posse-CONSELHO-SDM-1.jpg\"><img loading=\"lazy\" decoding=\"async\" class=\"aligncenter size-full wp-image-8677\" src=\"http:\/\/www.muricionline.com.br\/novo\/wp-content\/uploads\/2018\/05\/posse-CONSELHO-SDM-1.jpg\" alt=\"\" width=\"825\" height=\"717\" srcset=\"http:\/\/www.muricionline.com.br\/novo\/wp-content\/uploads\/2018\/05\/posse-CONSELHO-SDM-1.jpg 825w, http:\/\/www.muricionline.com.br\/novo\/wp-content\/uploads\/2018\/05\/posse-CONSELHO-SDM-1-300x261.jpg 300w, http:\/\/www.muricionline.com.br\/novo\/wp-content\/uploads\/2018\/05\/posse-CONSELHO-SDM-1-768x667.jpg 768w, http:\/\/www.muricionline.com.br\/novo\/wp-content\/uploads\/2018\/05\/posse-CONSELHO-SDM-1-534x464.jpg 534w\" sizes=\"(max-width: 825px) 100vw, 825px\" \/><\/a><\/p>\n<p>Presidido pela representante da categoria dos professores, Ana Maria Cavalcante, o Conselho tamb\u00e9m \u00e9 formado por: Manoel Jos\u00e9 Ferreira (categoria dos trabalhadores rurais); Maria Quit\u00e9ria Ferreira (representante da Par\u00f3quia), Marinez Alencar (C\u00e2mara de Vreadores); Jos\u00e9 Maria Ferreira (representante dos pais de alunos); Maria de F\u00e1tima da Silva (da categoria dos trabalhadores da educa\u00e7\u00e3o); Renata Ferreira de Souza (Ger\u00eancia Regional de Ensino); e Ant\u00f4nia Falc\u00e3o de Albuquerque (Poder P\u00fablico).<\/p>\n<p>Para a secret\u00e1ria, o compromisso da administra\u00e7\u00e3o do prefeito Arthur Freitas \u00e9&nbsp;lutar para que o Conselho siga adiante e possa trazer benef\u00edcios a todos os envolvidos na educa\u00e7\u00e3o municipal. &#8220;Para que os membros do Conselhos possam atuar com autonomia, de modo que&nbsp;expressem suas ideias e&nbsp;contribuam&nbsp;nas decis\u00f5es que repercutir\u00e3o no dia a dia de todos n\u00f3s que integramos a educa\u00e7\u00e3o, eles contar\u00e3o com nosso total suporte. No m\u00eas de junho, n\u00f3s entregaremos uma sala devidamente equipada&nbsp;com computador, impressora e todos os m\u00f3veis necess\u00e1rios para que eles possam trabalhar&nbsp;de forma regular e participativa&#8221;, finalizou, Danielle.<\/p>\n<p>&nbsp;<\/p>\n<p>Com Assessoria de Comunica\u00e7\u00e3o&nbsp;<\/p>\n<span style=\"clear:both;display:none;\"><img src=\"http:\/\/www.muricionline.com.br\/novo\/wp-content\/plugins\/wp-spamfree\/img\/wpsf-img.php\" width=\"0\" height=\"0\" alt=\"\" style=\"border-style:none;width:0px;height:0px;display:none;\" \/><\/span>","protected":false},"excerpt":{"rendered":"<p>A prefeitura de Santana do Munda\u00fa, por meio da Secret\u00e1ria de Educa\u00e7\u00e3o, promoveu a solenidade de posse&nbsp;dos novos membros do Conselho Municipal de Educa\u00e7\u00e3o para o bi\u00eanio 2018\/2020.&nbsp;Durante&nbsp;o&nbsp;ato,&nbsp;a secret\u00e1ria&nbsp;Daniele M\u00e1rcia, destacou a participa\u00e7\u00e3o do Conselho&nbsp;como instrumento da sociedade para deliberar, assessorar, normatizar, orientar, acompanhar e fiscalizar o sistema municipal de ensino.&nbsp;\u201cO Conselho \u00e9 muito importante&#8230;<\/p>\n","protected":false},"author":1,"featured_media":8677,"comment_status":"open","ping_status":"open","sticky":false,"template":"","format":"standard","meta":{"footnotes":""},"categories":[1],"tags":[5],"_links":{"self":[{"href":"http:\/\/www.muricionline.com.br\/novo\/index.php?rest_route=\/wp\/v2\/posts\/8676"}],"collection":[{"href":"http:\/\/www.muricionline.com.br\/novo\/index.php?rest_route=\/wp\/v2\/posts"}],"about":[{"href":"http:\/\/www.muricionline.com.br\/novo\/index.php?rest_route=\/wp\/v2\/types\/post"}],"author":[{"embeddable":true,"href":"http:\/\/www.muricionline.com.br\/novo\/index.php?rest_route=\/wp\/v2\/users\/1"}],"replies":[{"embeddable":true,"href":"http:\/\/www.muricionline.com.br\/novo\/index.php?rest_route=%2Fwp%2Fv2%2Fcomments&post=8676"}],"version-history":[{"count":1,"href":"http:\/\/www.muricionline.com.br\/novo\/index.php?rest_route=\/wp\/v2\/posts\/8676\/revisions"}],"predecessor-version":[{"id":8678,"href":"http:\/\/www.muricionline.com.br\/novo\/index.php?rest_route=\/wp\/v2\/posts\/8676\/revisions\/8678"}],"wp:featuredmedia":[{"embeddable":true,"href":"http:\/\/www.muricionline.com.br\/novo\/index.php?rest_route=\/wp\/v2\/media\/8677"}],"wp:attachment":[{"href":"http:\/\/www.muricionline.com.br\/novo\/index.php?rest_route=%2Fwp%2Fv2%2Fmedia&parent=8676"}],"wp:term":[{"taxonomy":"category","embeddable":true,"href":"http:\/\/www.muricionline.com.br\/novo\/index.php?rest_route=%2Fwp%2Fv2%2Fcategories&post=8676"},{"taxonomy":"post_tag","embeddable":true,"href":"http:\/\/www.muricionline.com.br\/novo\/index.php?rest_route=%2Fwp%2Fv2%2Ftags&post=8676"}],"curies":[{"name":"wp","href":"https:\/\/api.w.org\/{rel}","templated":true}]}}