{"id":8682,"date":"2018-05-31T16:32:52","date_gmt":"2018-05-31T19:32:52","guid":{"rendered":"http:\/\/www.muricionline.com.br\/novo\/?p=8682"},"modified":"2018-05-31T16:32:52","modified_gmt":"2018-05-31T19:32:52","slug":"aprovados-nos-concursos-da-pm-e-do-cbm-serao-convocados-ate-8-de-junho","status":"publish","type":"post","link":"http:\/\/www.muricionline.com.br\/novo\/?p=8682","title":{"rendered":"Aprovados nos concursos da PM e do CBM ser\u00e3o convocados at\u00e9 8 de junho"},"content":{"rendered":"<p>O governador Renan Filho e o secret\u00e1rio de Estado do Planejamento, Gest\u00e3o e Patrim\u00f4nio, Fabr\u00edcio Marques, garantiram, durante transmiss\u00e3o ao vivo (live), na tarde desta quarta-feira (30), que at\u00e9 o dia 8 de junho ser\u00e1 realizada a convoca\u00e7\u00e3o dos aprovados nos concursos p\u00fablicos da Pol\u00edcia Militar de Alagoas (PM) e do Corpo de Bombeiros Militar (CBM). Eles revelaram, ainda, que entre os dias 9 e 12 do mesmo m\u00eas ser\u00e1 publicado o edital para o novo certame da PM, com a oferta de 500 vagas.<\/p>\n<div class=\"itemBody\">\n<div class=\"itemFullText\">\n<p>&nbsp;<\/p>\n<p>De acordo com o secret\u00e1rio Fabr\u00edcio Marques, o processo para a convoca\u00e7\u00e3o dos mil aprovados no concurso da PM e dos 150 do CBM \u2013 certame realizado em outubro do ano passado \u2013 j\u00e1 se encontra em tr\u00e2mites finais na Procuradoria Geral do Estado (PGE).<\/p>\n<p>&nbsp;<\/p>\n<p><img decoding=\"async\" class=\"jg_photo\" src=\"http:\/\/www.agenciaalagoas.al.gov.br\/component\/joomgallery\/image?view=image&amp;format=raw&amp;id=33989&amp;type=img\" alt=\"M\u00e1rcio Ferreira\"><\/p>\n<p>&nbsp;<\/p>\n<p>Renan Filho ressaltou que, logo ap\u00f3s a convoca\u00e7\u00e3o, ser\u00e1 divulgado o cronograma dos cursos de forma\u00e7\u00e3o. \u201cOs mil aprovados no concurso ser\u00e3o convocados de uma s\u00f3 vez para a Pol\u00edcia Militar e tamb\u00e9m todos os 150 do Corpo de Bombeiros Militar. Assim vamos montar as turmas de forma\u00e7\u00e3o num curto espa\u00e7o de tempo. Quem faz concurso em Alagoas sabe: aqui, as convoca\u00e7\u00f5es sempre demoravam, agora n\u00e3o demoram mais. A gente termina e convoca o aprovado e j\u00e1 se prepara para fazer novos concursos\u201d, afirmou o governador.<\/p>\n<p>&nbsp;<\/p>\n<p>E por falar em mais concursos, Renan Filho e o secret\u00e1rio Fabr\u00edcio Marques garantiram que at\u00e9 o dia 12 de junho ser\u00e1 publicado o edital para o novo certame da PM, com 500 novas vagas.<\/p>\n<p>&nbsp;<\/p>\n<p><img decoding=\"async\" class=\"jg_photo\" src=\"http:\/\/www.agenciaalagoas.al.gov.br\/component\/joomgallery\/image?view=image&amp;format=raw&amp;id=33991&amp;type=img\" alt=\"M\u00e1rcio Ferreira\"><\/p>\n<p>&nbsp;<\/p>\n<p>\u201cEstamos precisando de gente qualificada, preparada e com vontade de trabalhar na Seguran\u00e7a P\u00fablica, para que possamos dar sequ\u00eancia as nossas conquistas. Alagoas \u00e9, hoje, um dos Estados que mais investem em seguran\u00e7a, um dos poucos do Brasil que reduzem a viol\u00eancia, que fazem concurso p\u00fablico. Estamos de cabe\u00e7a erguida, enfrentando a crise\u201d, acrescentou o governador.<\/p>\n<p>&nbsp;<\/p>\n<p>Sobre os aptos, ele reafirmou que o Governo do Estado estuda a situa\u00e7\u00e3o em busca de criar as condi\u00e7\u00f5es financeiras e jur\u00eddicas para convoc\u00e1-los. \u201cQueria dizer a quem \u00e9 apto que fa\u00e7a tamb\u00e9m o novo concurso da PM, porque, de repente, voc\u00ea passa e a\u00ed j\u00e1 fica com uma garantia\u201d, ponderou.<\/p>\n<p>&nbsp;<\/p>\n<p>Sobre o concurso da Educa\u00e7\u00e3o, Renan Filho garantiu que todas as 800 vagas ser\u00e3o preenchidas, ap\u00f3s a sele\u00e7\u00e3o feita por meio da prova de t\u00edtulos. \u201cA lista final do concurso da Educa\u00e7\u00e3o ser\u00e1 publicada em meados de junho, acredito que entre os dias 12 e 18, quando ser\u00e1 feita a convoca\u00e7\u00e3o final para os 800 professores\u201d, informou Fabr\u00edcio Marques.<\/p>\n<p><strong>&nbsp;<\/strong><\/p>\n<p><strong>Caminhoneiros<\/strong><\/p>\n<p>&nbsp;<\/p>\n<p>Antes de apresentar informa\u00e7\u00f5es sobre os concursos, o governador abriu a transmiss\u00e3o falando sobre a greve dos caminhoneiros, que atingiu todo o pa\u00eds, mas que j\u00e1 caminha para um desfecho. Ele criticou a pol\u00edtica de pre\u00e7os de combust\u00edveis praticada pela Petrobras.<\/p>\n<p>&nbsp;<\/p>\n<p>Ele avalia que o momento \u00e9 ideal para se fazer uma ampla discuss\u00e3o sobre o assunto, preservando os interesses da Petrobras como corpora\u00e7\u00e3o, mas equilibrando o lucro da empresa com uma pol\u00edtica de pre\u00e7os que n\u00e3o penalize a popula\u00e7\u00e3o.<\/p>\n<p>&nbsp;<\/p>\n<p>Renan Filho lembrou que desde o in\u00edcio da mobiliza\u00e7\u00e3o dos caminhoneiros, o Governo do Estado vem agindo para garantir o funcionamento dos equipamentos e a manuten\u00e7\u00e3o dos servi\u00e7os p\u00fablicos essenciais \u00e0 popula\u00e7\u00e3o. Disse que a desobstru\u00e7\u00e3o das vias ocorreu por meio do di\u00e1logo travado pelo Centro de Gerenciamento de Crises da PM em conjunto com as for\u00e7as federais.<\/p>\n<p>&nbsp;<\/p>\n<p>\u201cGarantimos o funcionamento do Aeroporto Zumbi dos Palmares, em Macei\u00f3, com a chegada de combust\u00edvel, que registrou baix\u00edssimo n\u00edvel de cancelamento de voos. Al\u00e9m disso, n\u00f3s desobstru\u00edmos, ainda no s\u00e1bado passado, o Porto de Macei\u00f3, o que possibilitou a chegada de gasolina e o abastecimento dos postos da capital e de boa parte do interior. Desobstru\u00edmos, ainda, a Fernandes Lima e a BR-101 est\u00e1 praticamente desbloqueada\u201d, recordou.<\/p>\n<p>&nbsp;<\/p>\n<p>\u201cEu espero que nos pr\u00f3ximos dias esse processo continue para se colocar fim a esse movimento que foi vitorioso, porque, sobretudo, demonstrou ao Governo Federal que esse tipo de pol\u00edtica de pre\u00e7os n\u00e3o tem nenhum sentido em nenhum pa\u00eds do mundo\u201d, acrescentou o governador.<\/p>\n<p>&nbsp;<\/p>\n<\/div>\n<\/div>\n<p>Ag\u00eancia Alagoas<\/p>\n<span style=\"clear:both;display:none;\"><img src=\"http:\/\/www.muricionline.com.br\/novo\/wp-content\/plugins\/wp-spamfree\/img\/wpsf-img.php\" width=\"0\" height=\"0\" alt=\"\" style=\"border-style:none;width:0px;height:0px;display:none;\" \/><\/span>","protected":false},"excerpt":{"rendered":"<p>O governador Renan Filho e o secret\u00e1rio de Estado do Planejamento, Gest\u00e3o e Patrim\u00f4nio, Fabr\u00edcio Marques, garantiram, durante transmiss\u00e3o ao vivo (live), na tarde desta quarta-feira (30), que at\u00e9 o dia 8 de junho ser\u00e1 realizada a convoca\u00e7\u00e3o dos aprovados nos concursos p\u00fablicos da Pol\u00edcia Militar de Alagoas (PM) e do Corpo de Bombeiros Militar&#8230;<\/p>\n","protected":false},"author":1,"featured_media":8683,"comment_status":"open","ping_status":"open","sticky":false,"template":"","format":"standard","meta":{"footnotes":""},"categories":[1],"tags":[5],"_links":{"self":[{"href":"http:\/\/www.muricionline.com.br\/novo\/index.php?rest_route=\/wp\/v2\/posts\/8682"}],"collection":[{"href":"http:\/\/www.muricionline.com.br\/novo\/index.php?rest_route=\/wp\/v2\/posts"}],"about":[{"href":"http:\/\/www.muricionline.com.br\/novo\/index.php?rest_route=\/wp\/v2\/types\/post"}],"author":[{"embeddable":true,"href":"http:\/\/www.muricionline.com.br\/novo\/index.php?rest_route=\/wp\/v2\/users\/1"}],"replies":[{"embeddable":true,"href":"http:\/\/www.muricionline.com.br\/novo\/index.php?rest_route=%2Fwp%2Fv2%2Fcomments&post=8682"}],"version-history":[{"count":1,"href":"http:\/\/www.muricionline.com.br\/novo\/index.php?rest_route=\/wp\/v2\/posts\/8682\/revisions"}],"predecessor-version":[{"id":8684,"href":"http:\/\/www.muricionline.com.br\/novo\/index.php?rest_route=\/wp\/v2\/posts\/8682\/revisions\/8684"}],"wp:featuredmedia":[{"embeddable":true,"href":"http:\/\/www.muricionline.com.br\/novo\/index.php?rest_route=\/wp\/v2\/media\/8683"}],"wp:attachment":[{"href":"http:\/\/www.muricionline.com.br\/novo\/index.php?rest_route=%2Fwp%2Fv2%2Fmedia&parent=8682"}],"wp:term":[{"taxonomy":"category","embeddable":true,"href":"http:\/\/www.muricionline.com.br\/novo\/index.php?rest_route=%2Fwp%2Fv2%2Fcategories&post=8682"},{"taxonomy":"post_tag","embeddable":true,"href":"http:\/\/www.muricionline.com.br\/novo\/index.php?rest_route=%2Fwp%2Fv2%2Ftags&post=8682"}],"curies":[{"name":"wp","href":"https:\/\/api.w.org\/{rel}","templated":true}]}}