{"id":8694,"date":"2018-06-01T11:17:26","date_gmt":"2018-06-01T14:17:26","guid":{"rendered":"http:\/\/www.muricionline.com.br\/novo\/?p=8694"},"modified":"2018-06-01T11:17:26","modified_gmt":"2018-06-01T14:17:26","slug":"sao-jose-da-laje-rodrigo-valenca-confirma-realizacao-do-arraia-do-povo-2018","status":"publish","type":"post","link":"http:\/\/www.muricionline.com.br\/novo\/?p=8694","title":{"rendered":"S\u00e3o Jos\u00e9 da Laje: Rodrigo Valen\u00e7a confirma realiza\u00e7\u00e3o do Arrai\u00e1 do Povo 2018"},"content":{"rendered":"<p>Uma boa not\u00edcia foi divulgada nas redes sociais da da Prefeitura Municipal de S\u00e3o Jos\u00e9 da Laje nesta sexta-feira, 01. Por meio de card virtual, o Prefeito Rodrigo Valen\u00e7a confirmou a realiza\u00e7\u00e3o do S\u00e3o Jo\u00e3o Cultural. O evento ser\u00e1 centralizado na Avenida Arlinda V\u00e9ras.<\/p>\n<p>De acordo com a divulga\u00e7\u00e3o, o evento contar\u00e1 com apresenta\u00e7\u00f5es juninas do munic\u00edpio, comidas t\u00edpicas, parque infantil, arquibancada e shows de forr\u00f3 com v\u00e1rios  artistas.<\/p>\n<p> \u201cIremos realizar a tradicional festa nordestina, e pretendemos movimentar ainda mais o com\u00e9rcio com um S\u00e3o Jo\u00e3o Cultural, o qual ir\u00e1 acontecer em oito noites na Arena do Forr\u00f3\u201d, disse Rodrigo Valen\u00e7a.<\/p>\n<p>Por SECOM\/S\u00e3o Jos\u00e9 da Laje<\/p>\n<span style=\"clear:both;display:none;\"><img src=\"http:\/\/www.muricionline.com.br\/novo\/wp-content\/plugins\/wp-spamfree\/img\/wpsf-img.php\" width=\"0\" height=\"0\" alt=\"\" style=\"border-style:none;width:0px;height:0px;display:none;\" \/><\/span>","protected":false},"excerpt":{"rendered":"<p>Uma boa not\u00edcia foi divulgada nas redes sociais da da Prefeitura Municipal de S\u00e3o Jos\u00e9 da Laje nesta sexta-feira, 01. Por meio de card virtual, o Prefeito Rodrigo Valen\u00e7a confirmou a realiza\u00e7\u00e3o do S\u00e3o Jo\u00e3o Cultural. O evento ser\u00e1 centralizado na Avenida Arlinda V\u00e9ras. De acordo com a divulga\u00e7\u00e3o, o evento contar\u00e1 com apresenta\u00e7\u00f5es juninas&#8230;<\/p>\n","protected":false},"author":1,"featured_media":8695,"comment_status":"open","ping_status":"open","sticky":false,"template":"","format":"standard","meta":{"footnotes":""},"categories":[1],"tags":[5],"_links":{"self":[{"href":"http:\/\/www.muricionline.com.br\/novo\/index.php?rest_route=\/wp\/v2\/posts\/8694"}],"collection":[{"href":"http:\/\/www.muricionline.com.br\/novo\/index.php?rest_route=\/wp\/v2\/posts"}],"about":[{"href":"http:\/\/www.muricionline.com.br\/novo\/index.php?rest_route=\/wp\/v2\/types\/post"}],"author":[{"embeddable":true,"href":"http:\/\/www.muricionline.com.br\/novo\/index.php?rest_route=\/wp\/v2\/users\/1"}],"replies":[{"embeddable":true,"href":"http:\/\/www.muricionline.com.br\/novo\/index.php?rest_route=%2Fwp%2Fv2%2Fcomments&post=8694"}],"version-history":[{"count":1,"href":"http:\/\/www.muricionline.com.br\/novo\/index.php?rest_route=\/wp\/v2\/posts\/8694\/revisions"}],"predecessor-version":[{"id":8696,"href":"http:\/\/www.muricionline.com.br\/novo\/index.php?rest_route=\/wp\/v2\/posts\/8694\/revisions\/8696"}],"wp:featuredmedia":[{"embeddable":true,"href":"http:\/\/www.muricionline.com.br\/novo\/index.php?rest_route=\/wp\/v2\/media\/8695"}],"wp:attachment":[{"href":"http:\/\/www.muricionline.com.br\/novo\/index.php?rest_route=%2Fwp%2Fv2%2Fmedia&parent=8694"}],"wp:term":[{"taxonomy":"category","embeddable":true,"href":"http:\/\/www.muricionline.com.br\/novo\/index.php?rest_route=%2Fwp%2Fv2%2Fcategories&post=8694"},{"taxonomy":"post_tag","embeddable":true,"href":"http:\/\/www.muricionline.com.br\/novo\/index.php?rest_route=%2Fwp%2Fv2%2Ftags&post=8694"}],"curies":[{"name":"wp","href":"https:\/\/api.w.org\/{rel}","templated":true}]}}