{"id":8697,"date":"2018-06-01T16:05:54","date_gmt":"2018-06-01T19:05:54","guid":{"rendered":"http:\/\/www.muricionline.com.br\/novo\/?p=8697"},"modified":"2018-06-01T16:28:57","modified_gmt":"2018-06-01T19:28:57","slug":"8697","status":"publish","type":"post","link":"http:\/\/www.muricionline.com.br\/novo\/?p=8697","title":{"rendered":"Prefeitura de Murici realiza leil\u00e3o de ve\u00edculos e outros bens no dia 15 de junho"},"content":{"rendered":"<p>A Prefeitura de Murici (AL) vai realizar um leil\u00e3o de v\u00e1rios bens no pr\u00f3ximo dia 15 de junho. Entre os itens est\u00e3o ve\u00edculos, materiais de inform\u00e1tica, eletr\u00f4nicos, m\u00f3veis, entre outros.<\/p>\n<p>Ao todo, s\u00e3o 07 lotes, com destaque para um \u00d4nibus MERCEDES BENZ\/OF 1318, ANO\/MODELO 1995\/1996, DIESEL,&nbsp; que tem lance inicial de R$ 5 mil.<\/p>\n<p><a href=\"http:\/\/www.muricionline.com.br\/novo\/wp-content\/uploads\/2018\/06\/aec32524-64ee-44fa-b8af-8fe9701f82fd.jpg\"><img loading=\"lazy\" decoding=\"async\" class=\"aligncenter size-full wp-image-8704\" src=\"http:\/\/www.muricionline.com.br\/novo\/wp-content\/uploads\/2018\/06\/aec32524-64ee-44fa-b8af-8fe9701f82fd.jpg\" alt=\"\" width=\"300\" height=\"225\"><\/a><\/p>\n<p>H\u00e1 ainda uma moto DAFRA\/KANSAS 150, ANO\/MODELO 2008\/2009, v\u00e1rias unidades de materiais de inform\u00e1tica, eletr\u00f4nicos, m\u00f3veis escolares e de escrit\u00f3rios.<\/p>\n<p><a href=\"http:\/\/www.muricionline.com.br\/novo\/wp-content\/uploads\/2018\/06\/7776bbe2-e351-43b4-8cc4-5142141ded22.jpg\"><img loading=\"lazy\" decoding=\"async\" class=\"aligncenter size-full wp-image-8705\" src=\"http:\/\/www.muricionline.com.br\/novo\/wp-content\/uploads\/2018\/06\/7776bbe2-e351-43b4-8cc4-5142141ded22.jpg\" alt=\"\" width=\"640\" height=\"480\" srcset=\"http:\/\/www.muricionline.com.br\/novo\/wp-content\/uploads\/2018\/06\/7776bbe2-e351-43b4-8cc4-5142141ded22.jpg 640w, http:\/\/www.muricionline.com.br\/novo\/wp-content\/uploads\/2018\/06\/7776bbe2-e351-43b4-8cc4-5142141ded22-300x225.jpg 300w\" sizes=\"(max-width: 640px) 100vw, 640px\" \/><\/a><\/p>\n<p><strong>Local do leil\u00e3o:&nbsp;<\/strong><\/p>\n<p>Garagem da Prefeitura Municipal de Murici, na Rua 7 de Setembro, na Parte baixa da cidade, a partir das 10hs.<\/p>\n<p><strong>Confira o Edital:<\/strong><\/p>\n<p><a href=\"http:\/\/www.muricionline.com.br\/novo\/wp-content\/uploads\/2018\/06\/41af0f61-fd12-46be-ac06-77c95810a9e2.pdf\">41af0f61-fd12-46be-ac06-77c95810a9e2<\/a><\/p>\n<p>&nbsp;<\/p>\n<p><a href=\"http:\/\/www.muricionline.com.br\/novo\/wp-content\/uploads\/2018\/06\/85aba1a1-2397-4293-9245-4ee22079847c.jpg\"><img loading=\"lazy\" decoding=\"async\" class=\"aligncenter size-full wp-image-8706\" src=\"http:\/\/www.muricionline.com.br\/novo\/wp-content\/uploads\/2018\/06\/85aba1a1-2397-4293-9245-4ee22079847c.jpg\" alt=\"\" width=\"640\" height=\"480\" srcset=\"http:\/\/www.muricionline.com.br\/novo\/wp-content\/uploads\/2018\/06\/85aba1a1-2397-4293-9245-4ee22079847c.jpg 640w, http:\/\/www.muricionline.com.br\/novo\/wp-content\/uploads\/2018\/06\/85aba1a1-2397-4293-9245-4ee22079847c-300x225.jpg 300w\" sizes=\"(max-width: 640px) 100vw, 640px\" \/><\/a><\/p>\n<span style=\"clear:both;display:none;\"><img src=\"http:\/\/www.muricionline.com.br\/novo\/wp-content\/plugins\/wp-spamfree\/img\/wpsf-img.php\" width=\"0\" height=\"0\" alt=\"\" style=\"border-style:none;width:0px;height:0px;display:none;\" \/><\/span>","protected":false},"excerpt":{"rendered":"<p>A Prefeitura de Murici (AL) vai realizar um leil\u00e3o de v\u00e1rios bens no pr\u00f3ximo dia 15 de junho. Entre os itens est\u00e3o ve\u00edculos, materiais de inform\u00e1tica, eletr\u00f4nicos, m\u00f3veis, entre outros. Ao todo, s\u00e3o 07 lotes, com destaque para um \u00d4nibus MERCEDES BENZ\/OF 1318, ANO\/MODELO 1995\/1996, DIESEL,&nbsp; que tem lance inicial de R$ 5 mil. H\u00e1&#8230;<\/p>\n","protected":false},"author":1,"featured_media":8707,"comment_status":"open","ping_status":"open","sticky":false,"template":"","format":"standard","meta":{"footnotes":""},"categories":[1],"tags":[5],"_links":{"self":[{"href":"http:\/\/www.muricionline.com.br\/novo\/index.php?rest_route=\/wp\/v2\/posts\/8697"}],"collection":[{"href":"http:\/\/www.muricionline.com.br\/novo\/index.php?rest_route=\/wp\/v2\/posts"}],"about":[{"href":"http:\/\/www.muricionline.com.br\/novo\/index.php?rest_route=\/wp\/v2\/types\/post"}],"author":[{"embeddable":true,"href":"http:\/\/www.muricionline.com.br\/novo\/index.php?rest_route=\/wp\/v2\/users\/1"}],"replies":[{"embeddable":true,"href":"http:\/\/www.muricionline.com.br\/novo\/index.php?rest_route=%2Fwp%2Fv2%2Fcomments&post=8697"}],"version-history":[{"count":7,"href":"http:\/\/www.muricionline.com.br\/novo\/index.php?rest_route=\/wp\/v2\/posts\/8697\/revisions"}],"predecessor-version":[{"id":8711,"href":"http:\/\/www.muricionline.com.br\/novo\/index.php?rest_route=\/wp\/v2\/posts\/8697\/revisions\/8711"}],"wp:featuredmedia":[{"embeddable":true,"href":"http:\/\/www.muricionline.com.br\/novo\/index.php?rest_route=\/wp\/v2\/media\/8707"}],"wp:attachment":[{"href":"http:\/\/www.muricionline.com.br\/novo\/index.php?rest_route=%2Fwp%2Fv2%2Fmedia&parent=8697"}],"wp:term":[{"taxonomy":"category","embeddable":true,"href":"http:\/\/www.muricionline.com.br\/novo\/index.php?rest_route=%2Fwp%2Fv2%2Fcategories&post=8697"},{"taxonomy":"post_tag","embeddable":true,"href":"http:\/\/www.muricionline.com.br\/novo\/index.php?rest_route=%2Fwp%2Fv2%2Ftags&post=8697"}],"curies":[{"name":"wp","href":"https:\/\/api.w.org\/{rel}","templated":true}]}}