{"id":8712,"date":"2018-06-02T07:17:39","date_gmt":"2018-06-02T10:17:39","guid":{"rendered":"http:\/\/www.muricionline.com.br\/novo\/?p=8712"},"modified":"2018-06-02T07:17:39","modified_gmt":"2018-06-02T10:17:39","slug":"86-dos-lajenses-aprovam-gestao-do-prefeito-rodrigo-valenca","status":"publish","type":"post","link":"http:\/\/www.muricionline.com.br\/novo\/?p=8712","title":{"rendered":"86% dos lajenses aprovam Gest\u00e3o do prefeito Rodrigo Valen\u00e7a"},"content":{"rendered":"<p>Em recente pesquisa realizada pelo IBRAPE, o jovem prefeito de S\u00e3o Jos\u00e9 da Laje Rodrigo Valen\u00e7a (MDB), atingiu \u00edndices recordes de aprova\u00e7\u00e3o popular, cerca de 86% dos lajenses aprovam sua gest\u00e3o. Rodrigo Valen\u00e7a assumiu a prefeitura de S\u00e3o Jos\u00e9 da Laje em 2013, e encontrou o caos instalado no munic\u00edpio, unidades de sa\u00fade sucateadas, escolas em completo abandono, a cidade tomada pelo lixo, sal\u00e1rio dos servidores ativos e inativos atrasados, pr\u00e9dios p\u00fablicos com energia cortada, o que fez o jovem prefeito na \u00e9poca decretar estado de emerg\u00eancia por calamidade administrativa e financeira.<\/p>\n<p><a href=\"http:\/\/www.muricionline.com.br\/novo\/wp-content\/uploads\/2018\/06\/7d353a8d-1fff-4db7-b648-b37fcd818775.jpg\"><img loading=\"lazy\" decoding=\"async\" class=\"aligncenter size-full wp-image-8714\" src=\"http:\/\/www.muricionline.com.br\/novo\/wp-content\/uploads\/2018\/06\/7d353a8d-1fff-4db7-b648-b37fcd818775.jpg\" alt=\"\" width=\"630\" height=\"365\" srcset=\"http:\/\/www.muricionline.com.br\/novo\/wp-content\/uploads\/2018\/06\/7d353a8d-1fff-4db7-b648-b37fcd818775.jpg 630w, http:\/\/www.muricionline.com.br\/novo\/wp-content\/uploads\/2018\/06\/7d353a8d-1fff-4db7-b648-b37fcd818775-300x174.jpg 300w\" sizes=\"(max-width: 630px) 100vw, 630px\" \/><\/a><\/p>\n<p>Os anos foram se passando e a cidade que vivia em completo abandono, deu lugar a canteiros de obras, bem relacionado institucionalmente com o Governo do Estado e com o Governo Federal, Rodrigo iniciou um novo tempo para S\u00e3o Jos\u00e9 da Laje, obras em todos os bairros da cidade, escolas foram reformadas, ampliadas e equipadas, professores valorizados, todas as Unidades B\u00e1sicas de Sa\u00fade foram reestruturadas, j\u00e1 a Unidade Douglas Buarque 2 foi constru\u00edda pela atual Gest\u00e3o, a Unidade Dr. Amaury Vasconcelos ser\u00e1 entregue nas pr\u00f3ximas semanas, e o Conjunto Armando Lyra ganhar\u00e1 brevemente a UBS Edemar Pereira Bezerra. Com recursos pr\u00f3prios foram constru\u00eddas duas Academias da Sa\u00fade, uma ao lado da Esta\u00e7\u00e3o Ferrovi\u00e1ria outra no Novo Centro Comercial, ainda na sa\u00fade, o hospital geral do munic\u00edpio ganhou novas instala\u00e7\u00f5es, moderniza\u00e7\u00e3o nos equipamentos, humaniza\u00e7\u00e3o do parto, amplia\u00e7\u00e3o no n\u00famero de leitos, al\u00e9m da ativa\u00e7\u00e3o do centro cir\u00fargico e do laborat\u00f3rio municipal, sendo refer\u00eancia para todo Estado.<\/p>\n<p><!--more--><a href=\"http:\/\/www.muricionline.com.br\/novo\/wp-content\/uploads\/2018\/06\/IMG_2491.jpg\"><img loading=\"lazy\" decoding=\"async\" class=\"aligncenter size-full wp-image-8715\" src=\"http:\/\/www.muricionline.com.br\/novo\/wp-content\/uploads\/2018\/06\/IMG_2491.jpg\" alt=\"\" width=\"1202\" height=\"801\" srcset=\"http:\/\/www.muricionline.com.br\/novo\/wp-content\/uploads\/2018\/06\/IMG_2491.jpg 1202w, http:\/\/www.muricionline.com.br\/novo\/wp-content\/uploads\/2018\/06\/IMG_2491-300x200.jpg 300w, http:\/\/www.muricionline.com.br\/novo\/wp-content\/uploads\/2018\/06\/IMG_2491-768x512.jpg 768w, http:\/\/www.muricionline.com.br\/novo\/wp-content\/uploads\/2018\/06\/IMG_2491-1024x682.jpg 1024w\" sizes=\"(max-width: 1202px) 100vw, 1202px\" \/><\/a><\/p>\n<p>Na mobilidade urbana, S\u00e3o Jos\u00e9 da Laje n\u00e3o para de avan\u00e7ar,&nbsp;&nbsp;a frota de ve\u00edculos soma a maior da hist\u00f3ria, com mais de 26 dispon\u00edveis no Setor de Transporte, categorizado entre pequeno, m\u00e9dio e de grande porte, diversas ruas pavimentadas,&nbsp;&nbsp;todas as pra\u00e7as da cidade reformadas e revitalizadas, arenas esportivas foram reformadas, outras duas foram constru\u00eddas, urbaniza\u00e7\u00e3o central do munic\u00edpio disponibilizando uma pista de cooper com 2,3 Km de extens\u00e3o, tudo com recursos pr\u00f3prios, al\u00e9m da cria\u00e7\u00e3o do Projeto Cidade Iluminada, onde l\u00e2mpadas de vapor met\u00e1lico foram substitu\u00eddas por l\u00e2mpadas de LED em mais de 300 postes s\u00f3 na cidade, e ainda nesse semestre, cerca de duzentas casas populares ser\u00e3o entregues aos lajenses. Os avan\u00e7os tamb\u00e9m chegaram ao homem do campo, que receberam assist\u00eancia t\u00e9cnica, associa\u00e7\u00f5es rurais foram reorganizadas, os agricultores receberam diversas sementes e centenas de alevinos, e o munic\u00edpio foi contemplado com um caminh\u00e3o, um trator e uma grade aradora, a fim de impulsionar a agricultura familiar.<\/p>\n<p><a href=\"http:\/\/www.muricionline.com.br\/novo\/wp-content\/uploads\/2018\/06\/17952432_1295674567219278_9049204994501171066_n.jpg\"><img loading=\"lazy\" decoding=\"async\" class=\"aligncenter size-full wp-image-8716\" src=\"http:\/\/www.muricionline.com.br\/novo\/wp-content\/uploads\/2018\/06\/17952432_1295674567219278_9049204994501171066_n.jpg\" alt=\"\" width=\"960\" height=\"640\" srcset=\"http:\/\/www.muricionline.com.br\/novo\/wp-content\/uploads\/2018\/06\/17952432_1295674567219278_9049204994501171066_n.jpg 960w, http:\/\/www.muricionline.com.br\/novo\/wp-content\/uploads\/2018\/06\/17952432_1295674567219278_9049204994501171066_n-300x200.jpg 300w, http:\/\/www.muricionline.com.br\/novo\/wp-content\/uploads\/2018\/06\/17952432_1295674567219278_9049204994501171066_n-768x512.jpg 768w\" sizes=\"(max-width: 960px) 100vw, 960px\" \/><\/a><\/p>\n<p>Na educa\u00e7\u00e3o, uma das potencialidades da Gest\u00e3o Rodrigo Valen\u00e7a, est\u00e1 com as metas de olho no futuro, pois as nossas crian\u00e7as s\u00e3o bem tratadas e vivem em harmonia, anteriormente funcionava precariamente uma \u00fanica creche, hoje s\u00e3o 04 Unidades constru\u00eddas com recursos pr\u00f3prios funcionando em perfeita condi\u00e7\u00f5es, atendendo mais de 458 crian\u00e7as, e ainda o munic\u00edpio entregar\u00e1 mais duas novas creches, uma no Bairro Juriti, outra no Conjunto Armando Lyra.<\/p>\n<p>No processo de ensino-aprendizagem, as forma\u00e7\u00f5es continuadas em servi\u00e7o aos professores enriquecem o trabalho na sala de aula, pois os resultados aparecem atrav\u00e9s do IDEB, em 2015, o munic\u00edpio esteve classificado entre os 10 no Brasil em leitura, em Alagoas, as escolas de S\u00e3o Jos\u00e9 da Laje, ficaram em primeiro lugar. Em 2016, o munic\u00edpio se destacou nos \u00edndices de Avalia\u00e7\u00e3o Nacional da Alfabetiza\u00e7\u00e3o, o estudo foi feito pelo INEP. J\u00e1 em 2017, dentre os sete munic\u00edpios da 7\u00aa GERE, S\u00e3o Jos\u00e9 da Laje, ficou em primeiro lugar, no \u00edndice de ensino-aprendizagem, de L\u00edngua Portuguesa e de Matem\u00e1tica, na regi\u00e3o. Com tantos dados em alta, o munic\u00edpio articulou a abertura do Polo da Universidade Aberta do Brasil, com 05 turmas formadas pelo IFAL, e mais 07 formadas pela UFAL, atualmente 373 alunos cursam Administra\u00e7\u00e3o, Letras, Biologia, Pedagogia, Qu\u00edmica, Matem\u00e1tica, e Gest\u00e3o Hospitalar, o Polo tamb\u00e9m oferece cursos de p\u00f3s-gradua\u00e7\u00e3o, e superior tecn\u00f3logo em parceria com a UNCISAL.<\/p>\n<p><a href=\"http:\/\/www.muricionline.com.br\/novo\/wp-content\/uploads\/2018\/06\/WhatsAppImage20180405at07.42.243.jpeg\"><img loading=\"lazy\" decoding=\"async\" class=\"aligncenter size-full wp-image-8717\" src=\"http:\/\/www.muricionline.com.br\/novo\/wp-content\/uploads\/2018\/06\/WhatsAppImage20180405at07.42.243.jpeg\" alt=\"\" width=\"800\" height=\"485\"><\/a><\/p>\n<p>Com as contas em ordem, desde 2013 o servidor p\u00fablico passou a receber o seu sal\u00e1rio em dia,&nbsp;&nbsp;o que fez com que o com\u00e9rcio da cidade ganhasse f\u00f4lego, onde empres\u00e1rios da regi\u00e3o apresentaram no munic\u00edpio novos estabelecimentos, gerando emprego e renda \u00e0 popula\u00e7\u00e3o.<\/p>\n<p>Esses e outros fatores fizeram do prefeito Rodrigo Valen\u00e7a, um dos prefeitos mais bem avaliados do Estado e o mais bem categorizado na hist\u00f3ria do munic\u00edpio, veja os dados da pesquisa:<\/p>\n<p>&nbsp;<\/p>\n<p><i>Na opini\u00e3o dos entrevistados, a administra\u00e7\u00e3o do prefeito Rodrigo, at\u00e9 o momento, est\u00e1:<\/i><i><\/i><\/p>\n<p><i>\u00d3timo 40%, Bom 44%, Regular 6%, Ruim 3%, P\u00e9ssimo 5% e 2% n\u00e3o sabem<\/i>.<\/p>\n<p>&nbsp;<\/p>\n<p><i>Na pergunta sobre a aprova\u00e7\u00e3o da gest\u00e3o do prefeito Rodrigo Valen\u00e7a:<\/i><i><\/i><\/p>\n<p><i>Aprova 86%, desaprova 11% e 3% n\u00e3o sabe&nbsp;ou n\u00e3o opinou<\/i>.<\/p>\n<p><a href=\"http:\/\/www.muricionline.com.br\/novo\/wp-content\/uploads\/2018\/06\/7C7DAAE8454E4F069805CE54BE3EFCFB.jpeg\"><img loading=\"lazy\" decoding=\"async\" class=\"aligncenter size-full wp-image-8718\" src=\"http:\/\/www.muricionline.com.br\/novo\/wp-content\/uploads\/2018\/06\/7C7DAAE8454E4F069805CE54BE3EFCFB.jpeg\" alt=\"\" width=\"1024\" height=\"683\" srcset=\"http:\/\/www.muricionline.com.br\/novo\/wp-content\/uploads\/2018\/06\/7C7DAAE8454E4F069805CE54BE3EFCFB.jpeg 1024w, http:\/\/www.muricionline.com.br\/novo\/wp-content\/uploads\/2018\/06\/7C7DAAE8454E4F069805CE54BE3EFCFB-300x200.jpeg 300w, http:\/\/www.muricionline.com.br\/novo\/wp-content\/uploads\/2018\/06\/7C7DAAE8454E4F069805CE54BE3EFCFB-768x512.jpeg 768w\" sizes=\"(max-width: 1024px) 100vw, 1024px\" \/><\/a><\/p>\n<p>Foram entrevistados&nbsp;&nbsp;800 pessoas, com idade a cima de 16 anos, no dia 22 de maio de 2018, na cidade e na zona rural. Segundo o IBRAPE,&nbsp;o intervalo de confian\u00e7a estimado \u00e9 de 95% e a margem de erro m\u00e1xima \u00e9 de 3,0 pontos percentuais para mais ou para menos.<\/p>\n<p>&nbsp;<\/p>\n<p>Por SECOM\/S\u00e3o Jos\u00e9 da Laje\/AL<\/p>\n<span style=\"clear:both;display:none;\"><img src=\"http:\/\/www.muricionline.com.br\/novo\/wp-content\/plugins\/wp-spamfree\/img\/wpsf-img.php\" width=\"0\" height=\"0\" alt=\"\" style=\"border-style:none;width:0px;height:0px;display:none;\" \/><\/span>","protected":false},"excerpt":{"rendered":"<p>Em recente pesquisa realizada pelo IBRAPE, o jovem prefeito de S\u00e3o Jos\u00e9 da Laje Rodrigo Valen\u00e7a (MDB), atingiu \u00edndices recordes de aprova\u00e7\u00e3o popular, cerca de 86% dos lajenses aprovam sua gest\u00e3o. Rodrigo Valen\u00e7a assumiu a prefeitura de S\u00e3o Jos\u00e9 da Laje em 2013, e encontrou o caos instalado no munic\u00edpio, unidades de sa\u00fade sucateadas, escolas&#8230;<\/p>\n","protected":false},"author":1,"featured_media":8713,"comment_status":"open","ping_status":"open","sticky":false,"template":"","format":"standard","meta":{"footnotes":""},"categories":[1],"tags":[5],"_links":{"self":[{"href":"http:\/\/www.muricionline.com.br\/novo\/index.php?rest_route=\/wp\/v2\/posts\/8712"}],"collection":[{"href":"http:\/\/www.muricionline.com.br\/novo\/index.php?rest_route=\/wp\/v2\/posts"}],"about":[{"href":"http:\/\/www.muricionline.com.br\/novo\/index.php?rest_route=\/wp\/v2\/types\/post"}],"author":[{"embeddable":true,"href":"http:\/\/www.muricionline.com.br\/novo\/index.php?rest_route=\/wp\/v2\/users\/1"}],"replies":[{"embeddable":true,"href":"http:\/\/www.muricionline.com.br\/novo\/index.php?rest_route=%2Fwp%2Fv2%2Fcomments&post=8712"}],"version-history":[{"count":1,"href":"http:\/\/www.muricionline.com.br\/novo\/index.php?rest_route=\/wp\/v2\/posts\/8712\/revisions"}],"predecessor-version":[{"id":8719,"href":"http:\/\/www.muricionline.com.br\/novo\/index.php?rest_route=\/wp\/v2\/posts\/8712\/revisions\/8719"}],"wp:featuredmedia":[{"embeddable":true,"href":"http:\/\/www.muricionline.com.br\/novo\/index.php?rest_route=\/wp\/v2\/media\/8713"}],"wp:attachment":[{"href":"http:\/\/www.muricionline.com.br\/novo\/index.php?rest_route=%2Fwp%2Fv2%2Fmedia&parent=8712"}],"wp:term":[{"taxonomy":"category","embeddable":true,"href":"http:\/\/www.muricionline.com.br\/novo\/index.php?rest_route=%2Fwp%2Fv2%2Fcategories&post=8712"},{"taxonomy":"post_tag","embeddable":true,"href":"http:\/\/www.muricionline.com.br\/novo\/index.php?rest_route=%2Fwp%2Fv2%2Ftags&post=8712"}],"curies":[{"name":"wp","href":"https:\/\/api.w.org\/{rel}","templated":true}]}}