{"id":8727,"date":"2018-06-04T15:42:56","date_gmt":"2018-06-04T18:42:56","guid":{"rendered":"http:\/\/www.muricionline.com.br\/novo\/?p=8727"},"modified":"2018-06-04T15:42:56","modified_gmt":"2018-06-04T18:42:56","slug":"prefeito-arthur-freitas-assina-convenio-para-pavimentacao-asfaltica-e-urbanizacao-de-conjunto-em-santana-do-mundau","status":"publish","type":"post","link":"http:\/\/www.muricionline.com.br\/novo\/?p=8727","title":{"rendered":"Prefeito Arthur Freitas assina conv\u00eanio para pavimenta\u00e7\u00e3o asf\u00e1ltica\u00a0e urbaniza\u00e7\u00e3o de conjunto em Santana do Munda\u00fa"},"content":{"rendered":"<p>Nesta segunda-feira (04), o prefeito de Santana do Munda\u00fa, Arthur Freitas, esteve na sede da Caixa Econ\u00f4mica, em Macei\u00f3, onde assinou um conv\u00eanio que garantir\u00e1 mais avan\u00e7os para o munic\u00edpio. Por interm\u00e9dio do Minist\u00e9rio das Cidades, atrav\u00e9s de uma emenda do deputado federal, JHC, o gestor garantiu a pavimenta\u00e7\u00e3o asf\u00e1ltica que liga o centro da cidade ao conjunto COHAB.&nbsp;<\/p>\n<p>O investimento para a&nbsp;obra que tamb\u00e9m contemplar\u00e1 a urbaniza\u00e7\u00e3o do conjunto, \u00e9 de&nbsp;R$ 479.390,47&nbsp;(quatrocentos e setenta e nove mil e trezentos e noventa reais e quarenta e sete centavos&nbsp;) sendo&nbsp;R$ 18.438,09 (dezoito mil e quatrocentos e trinta e oito reais e nove centavos) de contrapartida da Prefeitura. \u201cCom a urbaniza\u00e7\u00e3o do conjunto, garantiremos mais seguran\u00e7a, lazer e tranquilidade para a comunidade que ali reside e os visitantes\u201d, destaca o prefeito.<\/p>\n<p>Para ele, atrav\u00e9s da parceria firmada com o deputado JHC, ser\u00e1 poss\u00edvel garantir a pavimenta\u00e7\u00e3o asf\u00e1ltica t\u00e3o aguardada por todos.&nbsp;\u201cEssa obra vai melhorar a infraestrutura&nbsp;da cidade e a mobilidade de&nbsp;todos que transitam por&nbsp;essas&nbsp;vias.Continuaremos&nbsp;empenhados&nbsp;em&nbsp;executar&nbsp;servi\u00e7os&nbsp;que&nbsp;contribuam para o&nbsp;desenvolvimento&nbsp;do nosso munic\u00edpio, e que reflitam&nbsp;diretamente na qualidade de vida da popula\u00e7\u00e3o. \u00c9&nbsp;um desejo antigo, que com muito empenho e importantes&nbsp;parcerias,&nbsp;ser\u00e1 realizado\u201d, afirmou, Freitas.<\/p>\n<p>&nbsp;<\/p>\n<p>Com Assessoria de Comunica\u00e7\u00e3o&nbsp;<\/p>\n<span style=\"clear:both;display:none;\"><img src=\"http:\/\/www.muricionline.com.br\/novo\/wp-content\/plugins\/wp-spamfree\/img\/wpsf-img.php\" width=\"0\" height=\"0\" alt=\"\" style=\"border-style:none;width:0px;height:0px;display:none;\" \/><\/span>","protected":false},"excerpt":{"rendered":"<p>Nesta segunda-feira (04), o prefeito de Santana do Munda\u00fa, Arthur Freitas, esteve na sede da Caixa Econ\u00f4mica, em Macei\u00f3, onde assinou um conv\u00eanio que garantir\u00e1 mais avan\u00e7os para o munic\u00edpio. Por interm\u00e9dio do Minist\u00e9rio das Cidades, atrav\u00e9s de uma emenda do deputado federal, JHC, o gestor garantiu a pavimenta\u00e7\u00e3o asf\u00e1ltica que liga o centro da&#8230;<\/p>\n","protected":false},"author":1,"featured_media":8729,"comment_status":"open","ping_status":"open","sticky":false,"template":"","format":"standard","meta":{"footnotes":""},"categories":[1],"tags":[5],"_links":{"self":[{"href":"http:\/\/www.muricionline.com.br\/novo\/index.php?rest_route=\/wp\/v2\/posts\/8727"}],"collection":[{"href":"http:\/\/www.muricionline.com.br\/novo\/index.php?rest_route=\/wp\/v2\/posts"}],"about":[{"href":"http:\/\/www.muricionline.com.br\/novo\/index.php?rest_route=\/wp\/v2\/types\/post"}],"author":[{"embeddable":true,"href":"http:\/\/www.muricionline.com.br\/novo\/index.php?rest_route=\/wp\/v2\/users\/1"}],"replies":[{"embeddable":true,"href":"http:\/\/www.muricionline.com.br\/novo\/index.php?rest_route=%2Fwp%2Fv2%2Fcomments&post=8727"}],"version-history":[{"count":1,"href":"http:\/\/www.muricionline.com.br\/novo\/index.php?rest_route=\/wp\/v2\/posts\/8727\/revisions"}],"predecessor-version":[{"id":8730,"href":"http:\/\/www.muricionline.com.br\/novo\/index.php?rest_route=\/wp\/v2\/posts\/8727\/revisions\/8730"}],"wp:featuredmedia":[{"embeddable":true,"href":"http:\/\/www.muricionline.com.br\/novo\/index.php?rest_route=\/wp\/v2\/media\/8729"}],"wp:attachment":[{"href":"http:\/\/www.muricionline.com.br\/novo\/index.php?rest_route=%2Fwp%2Fv2%2Fmedia&parent=8727"}],"wp:term":[{"taxonomy":"category","embeddable":true,"href":"http:\/\/www.muricionline.com.br\/novo\/index.php?rest_route=%2Fwp%2Fv2%2Fcategories&post=8727"},{"taxonomy":"post_tag","embeddable":true,"href":"http:\/\/www.muricionline.com.br\/novo\/index.php?rest_route=%2Fwp%2Fv2%2Ftags&post=8727"}],"curies":[{"name":"wp","href":"https:\/\/api.w.org\/{rel}","templated":true}]}}