{"id":8732,"date":"2018-06-05T09:06:31","date_gmt":"2018-06-05T12:06:31","guid":{"rendered":"http:\/\/www.muricionline.com.br\/novo\/?p=8732"},"modified":"2018-06-05T09:06:31","modified_gmt":"2018-06-05T12:06:31","slug":"saveiro-capota-proximo-a-murici-e-deixa-dois-feridos","status":"publish","type":"post","link":"http:\/\/www.muricionline.com.br\/novo\/?p=8732","title":{"rendered":"Saveiro capota proximo a Murici e deixa dois feridos"},"content":{"rendered":"<p>Equipes do Corpo de Bombeiros Militar de Uni\u00e3o dos Palmares e do Servi\u00e7o de Atendimento M\u00f3vel de Urg\u00eancia, (Samu) de Murici, foram acionados no in\u00edcio da tarde&nbsp; desta segunda-feira, (04.06), por volta das 12h 20mim, para atender a uma ocorr\u00eancia de capotamento&nbsp; envolvendo um ve\u00edculo Saveiro Volkswagen&nbsp; que prestava servi\u00e7o para Eletrobr\u00e1s&nbsp; e que resultou em duas pessoas&nbsp; feridas no km 58 da Br-104,&nbsp; nas imedia\u00e7\u00f5es do munic\u00edpio de Murici, na zona da mata de Alagoas.<\/p>\n<p>De acordo a assessoria de comunica\u00e7\u00e3o da Pol\u00edcia Rodovi\u00e1ria Federal&nbsp; (PRF),&nbsp; ainda n\u00e3o h\u00e1&nbsp; informa\u00e7\u00f5es sobre identidade das v\u00edtimas.<\/p>\n<p>Ainda de acordo com a PRF , quando a equipe de patrulheiros chegaram&nbsp;no local, as v\u00edtimas j\u00e1&nbsp; haviam sido socorridas pelas equipes de resgate do CBMAL de Uni\u00e3o dos Palmares e SAMU.<\/p>\n<p>N\u00e3o&nbsp; h\u00e1&nbsp; informa\u00e7\u00f5es sobre o motivo que causou&nbsp;o capotamento&nbsp; do ve\u00edculo nem t\u00e3o pouco do estado de sa\u00fade das duas v\u00edtimas que n\u00e3o corre risco de morrer.<\/p>\n<p>Fonte:&nbsp;Grupo Branquinha e Regi\u00e3o<\/p>\n<p>Foto: Cortesia&nbsp;<\/p>\n<span style=\"clear:both;display:none;\"><img src=\"http:\/\/www.muricionline.com.br\/novo\/wp-content\/plugins\/wp-spamfree\/img\/wpsf-img.php\" width=\"0\" height=\"0\" alt=\"\" style=\"border-style:none;width:0px;height:0px;display:none;\" \/><\/span>","protected":false},"excerpt":{"rendered":"<p>Equipes do Corpo de Bombeiros Militar de Uni\u00e3o dos Palmares e do Servi\u00e7o de Atendimento M\u00f3vel de Urg\u00eancia, (Samu) de Murici, foram acionados no in\u00edcio da tarde&nbsp; desta segunda-feira, (04.06), por volta das 12h 20mim, para atender a uma ocorr\u00eancia de capotamento&nbsp; envolvendo um ve\u00edculo Saveiro Volkswagen&nbsp; que prestava servi\u00e7o para Eletrobr\u00e1s&nbsp; e que resultou&#8230;<\/p>\n","protected":false},"author":1,"featured_media":8734,"comment_status":"open","ping_status":"open","sticky":false,"template":"","format":"standard","meta":{"footnotes":""},"categories":[1],"tags":[5],"_links":{"self":[{"href":"http:\/\/www.muricionline.com.br\/novo\/index.php?rest_route=\/wp\/v2\/posts\/8732"}],"collection":[{"href":"http:\/\/www.muricionline.com.br\/novo\/index.php?rest_route=\/wp\/v2\/posts"}],"about":[{"href":"http:\/\/www.muricionline.com.br\/novo\/index.php?rest_route=\/wp\/v2\/types\/post"}],"author":[{"embeddable":true,"href":"http:\/\/www.muricionline.com.br\/novo\/index.php?rest_route=\/wp\/v2\/users\/1"}],"replies":[{"embeddable":true,"href":"http:\/\/www.muricionline.com.br\/novo\/index.php?rest_route=%2Fwp%2Fv2%2Fcomments&post=8732"}],"version-history":[{"count":1,"href":"http:\/\/www.muricionline.com.br\/novo\/index.php?rest_route=\/wp\/v2\/posts\/8732\/revisions"}],"predecessor-version":[{"id":8735,"href":"http:\/\/www.muricionline.com.br\/novo\/index.php?rest_route=\/wp\/v2\/posts\/8732\/revisions\/8735"}],"wp:featuredmedia":[{"embeddable":true,"href":"http:\/\/www.muricionline.com.br\/novo\/index.php?rest_route=\/wp\/v2\/media\/8734"}],"wp:attachment":[{"href":"http:\/\/www.muricionline.com.br\/novo\/index.php?rest_route=%2Fwp%2Fv2%2Fmedia&parent=8732"}],"wp:term":[{"taxonomy":"category","embeddable":true,"href":"http:\/\/www.muricionline.com.br\/novo\/index.php?rest_route=%2Fwp%2Fv2%2Fcategories&post=8732"},{"taxonomy":"post_tag","embeddable":true,"href":"http:\/\/www.muricionline.com.br\/novo\/index.php?rest_route=%2Fwp%2Fv2%2Ftags&post=8732"}],"curies":[{"name":"wp","href":"https:\/\/api.w.org\/{rel}","templated":true}]}}