{"id":8736,"date":"2018-06-05T09:16:50","date_gmt":"2018-06-05T12:16:50","guid":{"rendered":"http:\/\/www.muricionline.com.br\/novo\/?p=8736"},"modified":"2018-06-05T09:16:50","modified_gmt":"2018-06-05T12:16:50","slug":"obras-do-pro-estrada-tem-inicio-em-paripueira","status":"publish","type":"post","link":"http:\/\/www.muricionline.com.br\/novo\/?p=8736","title":{"rendered":"Obras do Pr\u00f3-Estrada t\u00eam in\u00edcio em Paripueira"},"content":{"rendered":"<p>O governador Renan Filho e o secret\u00e1rio de Estado do Transporte e do Desenvolvimento Urbano, Mosart Amaral, assinaram, na tarde desta segunda-feira (4), a ordem de servi\u00e7o para a pavimenta\u00e7\u00e3o de 2,6 quil\u00f4metros de vias urbanas em Paripueira, no Litoral Norte de Alagoas. As obras j\u00e1 foram iniciadas e fazem parte do Programa Pr\u00f3-Estrada.<\/p>\n<div class=\"itemBody\">\n<div class=\"itemFullText\">\n<p>&nbsp;<\/p>\n<p>&#8220;Ser\u00e1 uma obra muito importante para o nosso munic\u00edpio porque vai contemplar uma parte alta que \u00e9 muito carente e gra\u00e7as ao Governo do Estado vamos executar esse projeto que h\u00e1 muito tempo a gente vinha correndo atr\u00e1s&#8221;, comemorou o prefeito de Paripueira, Haroldo Nascimento.<\/p>\n<p>&nbsp;<\/p>\n<p>Al\u00e9m de Paripueira, cerca de 70 munic\u00edpios alagoanos j\u00e1 est\u00e3o sendo beneficiados com os servi\u00e7os do Pr\u00f3-Estrada. Iniciado em 2016, o programa chegou a todas as regi\u00f5es de Alagoas com atua\u00e7\u00e3o em mais de mil quil\u00f4metros, dos 1.800 totais da malha vi\u00e1ria, elevando o padr\u00e3o das estradas, acessos e vias urbanas em todo o Estado.<\/p>\n<p>&nbsp;<\/p>\n<p>A assinatura da ordem de servi\u00e7o aconteceu durante solenidade realizada na Ilha da Cr\u00f4a, na Barra de Santo Ant\u00f4nio, que recebe nesta segunda-feira as a\u00e7\u00f5es do Dia D, programa do Governo do Estado que leva servi\u00e7os gratuitos \u00e0 popula\u00e7\u00e3o nas \u00e1reas da sa\u00fade, educa\u00e7\u00e3o e bem-estar social.<\/p>\n<p>&nbsp;<\/p>\n<p>Durante a cerim\u00f4nia, o governador fez a entrega de duas ambul\u00e2ncias e de dois tratores que beneficiam Paripueira e a Barra de Santo Ant\u00f4nio, um para cada munic\u00edpio.<\/p>\n<p>&nbsp;<\/p>\n<p>As m\u00e1quinas fazem parte do Programa de Mecaniza\u00e7\u00e3o Agr\u00edcola e os ve\u00edculos integram o lote de 130 ambul\u00e2ncias que est\u00e3o sendo distribu\u00eddas aos munic\u00edpios alagoanos para fazerem o transporte de pacientes entre unidades de sa\u00fade.<\/p>\n<p>&nbsp;<\/p>\n<p>&#8220;H\u00e1 um ano, o Governo do Estado entregou ao munic\u00edpio da Barra de Santo Ant\u00f4nio uma ambul\u00e2ncia menor e hoje estamos recebendo uma de grande porte, que muito vai ajudar a popula\u00e7\u00e3o da Barra&#8221;, disse a prefeita do munic\u00edpio, Emanuelle Moura.<\/p>\n<p>&nbsp;<\/p>\n<p><b>Investimentos<\/b><\/p>\n<p>Renan Filho anunciou investimentos para a Barra de Santo Ant\u00f4nio durante a cerim\u00f4nia. Ele informou que o Governo do Estado vai executar obras de mobilidade urbana &#8211; nos moldes do Programa Vida Nova nas Grotas &#8211; no Alto de Santa Luzia. Outro projeto anunciado foi o Viva Orla.<\/p>\n<p>&nbsp;<\/p>\n<p>&#8220;Vamos revitalizar aquela \u00e1rea da orla em frente \u00e0 prefeitura da Barra de Santo Ant\u00f4nio. Trata-se de uma obra muito importante porque dar\u00e1 a muitas fam\u00edlias a oportunidade de ter um local de lazer e para comercializar seus produtos. Vamos ainda revitalizar a balan\u00e7a do peixe e criar assim um novo ambiente para o cidad\u00e3o ter um melhor conv\u00edvio social&#8221;, disse o governador.<\/p>\n<p>&nbsp;<\/p>\n<p>Ele revelou, por fim, que o Governo do Estado est\u00e1 elaborando um projeto denominado de Pr\u00f3-Cidade, que visa a pavimenta\u00e7\u00e3o a paralelep\u00edpedos de ruas em munic\u00edpios do interior do Estado.<\/p>\n<p>&nbsp;<\/p>\n<p>Prestigiaram a solenidade os deputados Maur\u00edcio Quintella&nbsp; (federal) e S\u00e9rgio Toledo&nbsp; (estadual); o secret\u00e1rio de Estado do Meio Ambiente e dos Recursos H\u00eddricos, Alexandre Ayres; e o diretor-presidente da Emater, Elizeo R\u00eago, dentre outras autoridades.<\/p>\n<p>&nbsp;<\/p>\n<\/div>\n<p>Com Ag\u00eancia Alagoas&nbsp;<\/p>\n<\/div>\n<span style=\"clear:both;display:none;\"><img src=\"http:\/\/www.muricionline.com.br\/novo\/wp-content\/plugins\/wp-spamfree\/img\/wpsf-img.php\" width=\"0\" height=\"0\" alt=\"\" style=\"border-style:none;width:0px;height:0px;display:none;\" \/><\/span>","protected":false},"excerpt":{"rendered":"<p>O governador Renan Filho e o secret\u00e1rio de Estado do Transporte e do Desenvolvimento Urbano, Mosart Amaral, assinaram, na tarde desta segunda-feira (4), a ordem de servi\u00e7o para a pavimenta\u00e7\u00e3o de 2,6 quil\u00f4metros de vias urbanas em Paripueira, no Litoral Norte de Alagoas. As obras j\u00e1 foram iniciadas e fazem parte do Programa Pr\u00f3-Estrada. &nbsp;&#8230;<\/p>\n","protected":false},"author":1,"featured_media":8737,"comment_status":"open","ping_status":"open","sticky":false,"template":"","format":"standard","meta":{"footnotes":""},"categories":[1],"tags":[5],"_links":{"self":[{"href":"http:\/\/www.muricionline.com.br\/novo\/index.php?rest_route=\/wp\/v2\/posts\/8736"}],"collection":[{"href":"http:\/\/www.muricionline.com.br\/novo\/index.php?rest_route=\/wp\/v2\/posts"}],"about":[{"href":"http:\/\/www.muricionline.com.br\/novo\/index.php?rest_route=\/wp\/v2\/types\/post"}],"author":[{"embeddable":true,"href":"http:\/\/www.muricionline.com.br\/novo\/index.php?rest_route=\/wp\/v2\/users\/1"}],"replies":[{"embeddable":true,"href":"http:\/\/www.muricionline.com.br\/novo\/index.php?rest_route=%2Fwp%2Fv2%2Fcomments&post=8736"}],"version-history":[{"count":1,"href":"http:\/\/www.muricionline.com.br\/novo\/index.php?rest_route=\/wp\/v2\/posts\/8736\/revisions"}],"predecessor-version":[{"id":8738,"href":"http:\/\/www.muricionline.com.br\/novo\/index.php?rest_route=\/wp\/v2\/posts\/8736\/revisions\/8738"}],"wp:featuredmedia":[{"embeddable":true,"href":"http:\/\/www.muricionline.com.br\/novo\/index.php?rest_route=\/wp\/v2\/media\/8737"}],"wp:attachment":[{"href":"http:\/\/www.muricionline.com.br\/novo\/index.php?rest_route=%2Fwp%2Fv2%2Fmedia&parent=8736"}],"wp:term":[{"taxonomy":"category","embeddable":true,"href":"http:\/\/www.muricionline.com.br\/novo\/index.php?rest_route=%2Fwp%2Fv2%2Fcategories&post=8736"},{"taxonomy":"post_tag","embeddable":true,"href":"http:\/\/www.muricionline.com.br\/novo\/index.php?rest_route=%2Fwp%2Fv2%2Ftags&post=8736"}],"curies":[{"name":"wp","href":"https:\/\/api.w.org\/{rel}","templated":true}]}}