{"id":8739,"date":"2018-06-05T10:38:31","date_gmt":"2018-06-05T13:38:31","guid":{"rendered":"http:\/\/www.muricionline.com.br\/novo\/?p=8739"},"modified":"2018-06-05T10:38:31","modified_gmt":"2018-06-05T13:38:31","slug":"suicidio-protetico-se-enforca-dentro-de-casa-em-murici","status":"publish","type":"post","link":"http:\/\/www.muricionline.com.br\/novo\/?p=8739","title":{"rendered":"Suic\u00eddio: Prot\u00e9tico se enforca dentro de casa em Murici"},"content":{"rendered":"<p>Um homem se enforcou na manh\u00e3 desta terca- feira (05), no bairro Campo Grande, em Murici.<\/p>\n<p>Segundo informa\u00e7\u00f5es, o suic\u00eddio aconteceu na resid\u00eancia da v\u00edtima, localizada \u00e0 Rua Presidente Kennedy, onde tamb\u00e9m funcionava um laborat\u00f3rio de pr\u00f3tese dent\u00e1ria.<\/p>\n<p>A v\u00edtima foi identificada como Jos\u00e9 Ant\u00f4nio Guilherme da Silva, 53 anos, conhecido como &#8220;Tonho Prot\u00e9tico&#8221;.<\/p>\n<blockquote><p><a href=\"http:\/\/www.muricionline.com.br\/novo\/wp-content\/uploads\/2018\/06\/FB_IMG_1528205748824.jpg\"><img loading=\"lazy\" decoding=\"async\" class=\"aligncenter size-full wp-image-8741\" src=\"http:\/\/www.muricionline.com.br\/novo\/wp-content\/uploads\/2018\/06\/FB_IMG_1528205748824.jpg\" alt=\"\" width=\"627\" height=\"960\" srcset=\"http:\/\/www.muricionline.com.br\/novo\/wp-content\/uploads\/2018\/06\/FB_IMG_1528205748824.jpg 627w, http:\/\/www.muricionline.com.br\/novo\/wp-content\/uploads\/2018\/06\/FB_IMG_1528205748824-196x300.jpg 196w\" sizes=\"(max-width: 627px) 100vw, 627px\" \/><\/a><\/p><\/blockquote>\n<span style=\"clear:both;display:none;\"><img src=\"http:\/\/www.muricionline.com.br\/novo\/wp-content\/plugins\/wp-spamfree\/img\/wpsf-img.php\" width=\"0\" height=\"0\" alt=\"\" style=\"border-style:none;width:0px;height:0px;display:none;\" \/><\/span>","protected":false},"excerpt":{"rendered":"<p>Um homem se enforcou na manh\u00e3 desta terca- feira (05), no bairro Campo Grande, em Murici. Segundo informa\u00e7\u00f5es, o suic\u00eddio aconteceu na resid\u00eancia da v\u00edtima, localizada \u00e0 Rua Presidente Kennedy, onde tamb\u00e9m funcionava um laborat\u00f3rio de pr\u00f3tese dent\u00e1ria. A v\u00edtima foi identificada como Jos\u00e9 Ant\u00f4nio Guilherme da Silva, 53 anos, conhecido como &#8220;Tonho Prot\u00e9tico&#8221;.<\/p>\n","protected":false},"author":1,"featured_media":8742,"comment_status":"open","ping_status":"open","sticky":false,"template":"","format":"standard","meta":{"footnotes":""},"categories":[1],"tags":[5],"_links":{"self":[{"href":"http:\/\/www.muricionline.com.br\/novo\/index.php?rest_route=\/wp\/v2\/posts\/8739"}],"collection":[{"href":"http:\/\/www.muricionline.com.br\/novo\/index.php?rest_route=\/wp\/v2\/posts"}],"about":[{"href":"http:\/\/www.muricionline.com.br\/novo\/index.php?rest_route=\/wp\/v2\/types\/post"}],"author":[{"embeddable":true,"href":"http:\/\/www.muricionline.com.br\/novo\/index.php?rest_route=\/wp\/v2\/users\/1"}],"replies":[{"embeddable":true,"href":"http:\/\/www.muricionline.com.br\/novo\/index.php?rest_route=%2Fwp%2Fv2%2Fcomments&post=8739"}],"version-history":[{"count":1,"href":"http:\/\/www.muricionline.com.br\/novo\/index.php?rest_route=\/wp\/v2\/posts\/8739\/revisions"}],"predecessor-version":[{"id":8743,"href":"http:\/\/www.muricionline.com.br\/novo\/index.php?rest_route=\/wp\/v2\/posts\/8739\/revisions\/8743"}],"wp:featuredmedia":[{"embeddable":true,"href":"http:\/\/www.muricionline.com.br\/novo\/index.php?rest_route=\/wp\/v2\/media\/8742"}],"wp:attachment":[{"href":"http:\/\/www.muricionline.com.br\/novo\/index.php?rest_route=%2Fwp%2Fv2%2Fmedia&parent=8739"}],"wp:term":[{"taxonomy":"category","embeddable":true,"href":"http:\/\/www.muricionline.com.br\/novo\/index.php?rest_route=%2Fwp%2Fv2%2Fcategories&post=8739"},{"taxonomy":"post_tag","embeddable":true,"href":"http:\/\/www.muricionline.com.br\/novo\/index.php?rest_route=%2Fwp%2Fv2%2Ftags&post=8739"}],"curies":[{"name":"wp","href":"https:\/\/api.w.org\/{rel}","templated":true}]}}