{"id":8745,"date":"2018-06-06T09:25:08","date_gmt":"2018-06-06T12:25:08","guid":{"rendered":"http:\/\/www.muricionline.com.br\/novo\/?p=8745"},"modified":"2018-06-06T09:25:08","modified_gmt":"2018-06-06T12:25:08","slug":"saude-de-santana-do-mundau-realiza-atividades-para-incentivar-aleitamento-materno-exclusivo","status":"publish","type":"post","link":"http:\/\/www.muricionline.com.br\/novo\/?p=8745","title":{"rendered":"Sa\u00fade de Santana do Munda\u00fa\u00a0realiza atividades para incentivar aleitamento materno exclusivo"},"content":{"rendered":"<p>Proporcionando \u00e0s futuras mam\u00e3es de Santana do Munda\u00fa,&nbsp;um acompanhamento especializado durante toda a gravidez, a secretaria municipal de sa\u00fade tem realizado atividades de orienta\u00e7\u00e3o que tem como objetivo,&nbsp;incentivar e&nbsp;mostrar a import\u00e2ncia do aleitamento materno exclusivo ate os 06 meses de vida do beb\u00ea.<\/p>\n<p>A secret\u00e1ria&nbsp;Paula Cavalcante, defende que as a\u00e7\u00f5es s\u00e3o importantes para conscientizar as mam\u00e3es sobre os benef\u00edcios&nbsp;do&nbsp;aleitamento materno&nbsp;para a sa\u00fade do beb\u00ea. &#8220;O leite materno \u00e9 o \u00fanico alimento capaz de oferecer todos os nutrientes na quantidade exata de que o beb\u00ea precisa para seu crescimento e desenvolvimento, raz\u00e3o pela qual n\u00e3o deve ser substitu\u00eddo. A amamenta\u00e7\u00e3o tamb\u00e9m garante ao beb\u00ea prote\u00e7\u00e3o contra infec\u00e7\u00f5es, alergias e outras doen\u00e7as. A m\u00e3e \u00e9 beneficiada com menos chances de desenvolver anemia, c\u00e2ncer de mama e diabetes, pela diminui\u00e7\u00e3o do sangramento p\u00f3s-parto&#8221;, ressalta.<\/p>\n<p><a href=\"http:\/\/www.muricionline.com.br\/novo\/wp-content\/uploads\/2018\/06\/ALEITAMENTO-MATERNO-SDM-1.jpg\"><img loading=\"lazy\" decoding=\"async\" class=\"aligncenter size-full wp-image-8746\" src=\"http:\/\/www.muricionline.com.br\/novo\/wp-content\/uploads\/2018\/06\/ALEITAMENTO-MATERNO-SDM-1.jpg\" alt=\"\" width=\"960\" height=\"720\" srcset=\"http:\/\/www.muricionline.com.br\/novo\/wp-content\/uploads\/2018\/06\/ALEITAMENTO-MATERNO-SDM-1.jpg 960w, http:\/\/www.muricionline.com.br\/novo\/wp-content\/uploads\/2018\/06\/ALEITAMENTO-MATERNO-SDM-1-300x225.jpg 300w, http:\/\/www.muricionline.com.br\/novo\/wp-content\/uploads\/2018\/06\/ALEITAMENTO-MATERNO-SDM-1-768x576.jpg 768w\" sizes=\"(max-width: 960px) 100vw, 960px\" \/><\/a><\/p>\n<p>Atrav\u00e9s de orienta\u00e7\u00f5es especializadas, transmitidas pela equipe de profissionais da sa\u00fade,&nbsp;as mam\u00e3es&nbsp;ficam cientes que, al\u00e9m dos in\u00fameros benef\u00edcios,&nbsp;o ato de sugar \u00e9 importante para o desenvolvimento da face, da denti\u00e7\u00e3o,&nbsp;da fala da crian\u00e7a e para a sua respira\u00e7\u00e3o.&nbsp;&#8220;Al\u00e9m de sa\u00fade, a amamenta\u00e7\u00e3o fortalece o v\u00ednculo afetivo entre m\u00e3e e filho. O apoio do pai, bem como de toda a fam\u00edlia, dos amigos, dos profissionais de sa\u00fade e dos colegas de trabalho \u00e0 mulher que amamenta \u00e9 fundamental para garantir o aleitamento exclusivo (sem \u00e1gua, ch\u00e1 ou suco) nos seis primeiros meses de vida do beb\u00ea, complementado gradualmente com outros alimentos saud\u00e1veis at\u00e9 os dois anos ou mais&#8221;, finaliza a secret\u00e1ria.<\/p>\n<p>&nbsp;<\/p>\n<p>Com Assessoria de Comunica\u00e7\u00e3o&nbsp;<\/p>\n<span style=\"clear:both;display:none;\"><img src=\"http:\/\/www.muricionline.com.br\/novo\/wp-content\/plugins\/wp-spamfree\/img\/wpsf-img.php\" width=\"0\" height=\"0\" alt=\"\" style=\"border-style:none;width:0px;height:0px;display:none;\" \/><\/span>","protected":false},"excerpt":{"rendered":"<p>Proporcionando \u00e0s futuras mam\u00e3es de Santana do Munda\u00fa,&nbsp;um acompanhamento especializado durante toda a gravidez, a secretaria municipal de sa\u00fade tem realizado atividades de orienta\u00e7\u00e3o que tem como objetivo,&nbsp;incentivar e&nbsp;mostrar a import\u00e2ncia do aleitamento materno exclusivo ate os 06 meses de vida do beb\u00ea. A secret\u00e1ria&nbsp;Paula Cavalcante, defende que as a\u00e7\u00f5es s\u00e3o importantes para conscientizar as&#8230;<\/p>\n","protected":false},"author":1,"featured_media":8747,"comment_status":"open","ping_status":"open","sticky":false,"template":"","format":"standard","meta":{"footnotes":""},"categories":[8],"tags":[5],"_links":{"self":[{"href":"http:\/\/www.muricionline.com.br\/novo\/index.php?rest_route=\/wp\/v2\/posts\/8745"}],"collection":[{"href":"http:\/\/www.muricionline.com.br\/novo\/index.php?rest_route=\/wp\/v2\/posts"}],"about":[{"href":"http:\/\/www.muricionline.com.br\/novo\/index.php?rest_route=\/wp\/v2\/types\/post"}],"author":[{"embeddable":true,"href":"http:\/\/www.muricionline.com.br\/novo\/index.php?rest_route=\/wp\/v2\/users\/1"}],"replies":[{"embeddable":true,"href":"http:\/\/www.muricionline.com.br\/novo\/index.php?rest_route=%2Fwp%2Fv2%2Fcomments&post=8745"}],"version-history":[{"count":1,"href":"http:\/\/www.muricionline.com.br\/novo\/index.php?rest_route=\/wp\/v2\/posts\/8745\/revisions"}],"predecessor-version":[{"id":8748,"href":"http:\/\/www.muricionline.com.br\/novo\/index.php?rest_route=\/wp\/v2\/posts\/8745\/revisions\/8748"}],"wp:featuredmedia":[{"embeddable":true,"href":"http:\/\/www.muricionline.com.br\/novo\/index.php?rest_route=\/wp\/v2\/media\/8747"}],"wp:attachment":[{"href":"http:\/\/www.muricionline.com.br\/novo\/index.php?rest_route=%2Fwp%2Fv2%2Fmedia&parent=8745"}],"wp:term":[{"taxonomy":"category","embeddable":true,"href":"http:\/\/www.muricionline.com.br\/novo\/index.php?rest_route=%2Fwp%2Fv2%2Fcategories&post=8745"},{"taxonomy":"post_tag","embeddable":true,"href":"http:\/\/www.muricionline.com.br\/novo\/index.php?rest_route=%2Fwp%2Fv2%2Ftags&post=8745"}],"curies":[{"name":"wp","href":"https:\/\/api.w.org\/{rel}","templated":true}]}}