{"id":8749,"date":"2018-06-07T09:43:00","date_gmt":"2018-06-07T12:43:00","guid":{"rendered":"http:\/\/www.muricionline.com.br\/novo\/?p=8749"},"modified":"2018-06-07T09:43:00","modified_gmt":"2018-06-07T12:43:00","slug":"governador-propoe-discussao-para-ampliar-bolsa-atleta","status":"publish","type":"post","link":"http:\/\/www.muricionline.com.br\/novo\/?p=8749","title":{"rendered":"Governador prop\u00f5e discuss\u00e3o para ampliar Bolsa Atleta"},"content":{"rendered":"<p style=\"text-align: left;\">O governador Renan Filho prop\u00f4s, na manh\u00e3 desta quarta-feira (6), durante solenidade no Pal\u00e1cio Rep\u00fablica dos Palmares, promover com as federa\u00e7\u00f5es e esportistas alagoanos uma ampla discuss\u00e3o com objetivo de ampliar o Bolsa Atleta. Durante a cerim\u00f4nia, ele e a secret\u00e1ria do Esporte, Lazer e Juventude, Claudia Petuba, assinaram os contratos dos 20 selecionados pelo Programa estadual.<\/p>\n<div class=\"itemBody\">\n<div class=\"itemFullText\">\n<p>&nbsp;<\/p>\n<p>\u201cVamos fazer uma ampla discuss\u00e3o para ampliar o Bolsa Atleta. A ideia \u00e9 criar categorias, de maneira que a gente tenha bolsas intermedi\u00e1rias\u201d, prop\u00f4s Renan Filho. Os contemplados pelo Bolsa Atleta Alagoas nesta quarta-feira passam a receber apoio financeiro de um sal\u00e1rio m\u00ednimo durante 12 meses.<\/p>\n<p>&nbsp;<\/p>\n<p>\u201cO Bolsa Atleta busca dar condi\u00e7\u00f5es materiais para que os esportistas alagoanos possam treinar, se preparar melhor e buscar com isso melhores resultados. Trata-se de um est\u00edmulo que o Governo do Estado d\u00e1 para o atleta de alto rendimento\u201d, acrescentou o governador.<\/p>\n<p>&nbsp;<img decoding=\"async\" class=\"jg_photo\" src=\"http:\/\/www.agenciaalagoas.al.gov.br\/component\/joomgallery\/image?view=image&amp;format=raw&amp;id=34279&amp;type=img\" alt=\"Solenidade de assinatura dos contratos com selecionados do Programa Bolsa Atleta Alagoas (Foto: M\u00e1rcio Ferreira)\"><\/p>\n<p>Ainda durante a solenidade, foram entregues kits esportivos aos atletas selecionados pelo Programa estadual. \u201cO Bolsa Atleta \u00e9 uma pol\u00edtica de incentivo para os atletas alagoanos. Trata-se do fechamento de um ciclo da cadeia esportiva . O Programa beneficia desde a base \u00e0 nata do esporte alagoano\u201d, explicou Claudia Petuba.<\/p>\n<p>&nbsp;<img decoding=\"async\" class=\"jg_photo\" src=\"http:\/\/www.agenciaalagoas.al.gov.br\/component\/joomgallery\/image?view=image&amp;format=raw&amp;id=34281&amp;type=img\" alt=\"Estudante de Roteiro, Carlos Daniel dos Santos Silva, 17 anos, pratica Karat\u00ea, estilo Shotokan (Foto: M\u00e1rcio Ferreira)\"><\/p>\n<p>O estudante de Roteiro, Carlos Daniel dos Santos Silva, 17 anos, pratica Karat\u00ea, estilo Shotokan. Ele foi um dos 20 selecionados pelo Programa Bolsa Atleta Alagoas.&nbsp;\u201cA Bolsa \u00e9 muito importante porque n\u00e3o s\u00f3 vai nos ajudar a manter os treinamentos como tamb\u00e9m servir de incentivo para que continuemos focados em nossas competi\u00e7\u00f5es. O incentivo financeiro nos ajuda, ainda, na aquisi\u00e7\u00e3o de material esportivo de qualidade\u201d, contou Carlos Daniel.<\/p>\n<p>&nbsp;<\/p>\n<p>\u201cEsse incentivo \u00e9 muito importante para que a gente se mantenha motivado para buscar nossos sonhos. Ser reconhecida pelo Estado \u00e9 muito bom\u201d, acrescentou Maria Eduarda Arakaki, 14, atleta de Gin\u00e1stica R\u00edtmica. &nbsp;Ela \u00e9 aluna do 1 ano do Col\u00e9gio Marista Macei\u00f3.<\/p>\n<p>&nbsp;<\/p>\n<p>Duda, como \u00e9 conhecida, treina desde os 5 anos de idade e j\u00e1 participou de eventos internacionais, como: Marine Graces, na Bulg\u00e1ria; Pan-Americano 2018 e AGN Cup 2018, realizado em Portugal, al\u00e9m de eventos nacionais, a exemplo do Campeonato Brasileiro de Gin\u00e1stica R\u00edtmica e Jogos Escolares 2017.<\/p>\n<p>&nbsp;<img decoding=\"async\" class=\"jg_photo\" src=\"http:\/\/www.agenciaalagoas.al.gov.br\/component\/joomgallery\/image?view=image&amp;format=raw&amp;id=34282&amp;type=img\" alt=\"Duda foi classificada como a \u00fanica brasileira a representar o pa\u00eds nos jogos Ol\u00edmpicos da Juventude (Foto: M\u00e1rcio Ferreira)\"><\/p>\n<p>Esse ano, Duda foi classificada como a \u00fanica brasileira a representar o pa\u00eds nos jogos Ol\u00edmpicos da Juventude, que ser\u00e1 realizado em Outubro em Buenos Aires, na Argentina. Em setembro, a atleta representar\u00e1 o Brasil no Sul-americano, na Col\u00f4mbia. \u201cEu quero muito ir \u00e0s Olimp\u00edadas de T\u00f3kio em 2020\u201d, projeta.<\/p>\n<p>&nbsp;<\/p>\n<p>A sele\u00e7\u00e3o dos atletas para o Programa foi feita por uma comiss\u00e3o da Secretaria do Esporte, Lazer e Juventude (Selaj), que avaliou os curr\u00edculos esportivos, classificados de acordo com as suas coloca\u00e7\u00f5es, n\u00edveis de competi\u00e7\u00f5es e convoca\u00e7\u00f5es para as sele\u00e7\u00f5es respectivas.<\/p>\n<p>&nbsp;<img decoding=\"async\" class=\"jg_photo\" src=\"http:\/\/www.agenciaalagoas.al.gov.br\/component\/joomgallery\/image?view=image&amp;format=raw&amp;id=34280&amp;type=img\" alt=\"Solenidade de assinatura dos contratos com selecionados do Programa Bolsa Atleta Alagoas (Foto: M\u00e1rcio Ferreira)\"><\/p>\n<p>Renan Filho observou que a cria\u00e7\u00e3o da Secretaria do Esporte, Lazer e Juventude deu novo f\u00f4lego \u00e0s a\u00e7\u00f5es da pasta, que antes era atrelada \u00e0 Secretaria de Educa\u00e7\u00e3o. Ao final da solenidade, realizada no Audit\u00f3rio Aqualtune, ele lan\u00e7ou um desafio \u00e0 secret\u00e1ria Claudia Petuba.<\/p>\n<p>&nbsp;<\/p>\n<p>\u201cConstrua um plano ambicioso e alcan\u00e7\u00e1vel para que a gente possa, de agora em diante, com os novos equipamentos esportivos, em parceria com a Secretaria de Educa\u00e7\u00e3o e as outras \u00e1reas, fortalecer ainda mais o esporte de Alagoas\u201d, disse o governador.<\/p>\n<p>&nbsp;<\/p>\n<p>Prestigiaram a solenidade: o presidente da Federa\u00e7\u00e3o Alagoana de Beach Soccer, Renato Cardoso; o vice-presidente da Confedera\u00e7\u00e3o Brasileira de Jud\u00f4, Nilson Gama; o presidente da Associa\u00e7\u00e3o dos Cronistas Desportivos de Alagoas, Jorge Lins; o presidente da Associa\u00e7\u00e3o dos Deficientes F\u00edsicos de Alagoas (Adefal), Jo\u00e3o Ferreira de Lima; o deputado estadual Isnaldo Bulh\u00f5es, a tenista Marina Tavares; dentre outros convidados.<\/p>\n<p>&nbsp;<\/p>\n<p>Com Ag\u00eancia Alagoas&nbsp;&nbsp;<\/p>\n<\/div>\n<\/div>\n<span style=\"clear:both;display:none;\"><img src=\"http:\/\/www.muricionline.com.br\/novo\/wp-content\/plugins\/wp-spamfree\/img\/wpsf-img.php\" width=\"0\" height=\"0\" alt=\"\" style=\"border-style:none;width:0px;height:0px;display:none;\" \/><\/span>","protected":false},"excerpt":{"rendered":"<p>O governador Renan Filho prop\u00f4s, na manh\u00e3 desta quarta-feira (6), durante solenidade no Pal\u00e1cio Rep\u00fablica dos Palmares, promover com as federa\u00e7\u00f5es e esportistas alagoanos uma ampla discuss\u00e3o com objetivo de ampliar o Bolsa Atleta. Durante a cerim\u00f4nia, ele e a secret\u00e1ria do Esporte, Lazer e Juventude, Claudia Petuba, assinaram os contratos dos 20 selecionados pelo&#8230;<\/p>\n","protected":false},"author":1,"featured_media":8750,"comment_status":"open","ping_status":"open","sticky":false,"template":"","format":"standard","meta":{"footnotes":""},"categories":[1],"tags":[5],"_links":{"self":[{"href":"http:\/\/www.muricionline.com.br\/novo\/index.php?rest_route=\/wp\/v2\/posts\/8749"}],"collection":[{"href":"http:\/\/www.muricionline.com.br\/novo\/index.php?rest_route=\/wp\/v2\/posts"}],"about":[{"href":"http:\/\/www.muricionline.com.br\/novo\/index.php?rest_route=\/wp\/v2\/types\/post"}],"author":[{"embeddable":true,"href":"http:\/\/www.muricionline.com.br\/novo\/index.php?rest_route=\/wp\/v2\/users\/1"}],"replies":[{"embeddable":true,"href":"http:\/\/www.muricionline.com.br\/novo\/index.php?rest_route=%2Fwp%2Fv2%2Fcomments&post=8749"}],"version-history":[{"count":1,"href":"http:\/\/www.muricionline.com.br\/novo\/index.php?rest_route=\/wp\/v2\/posts\/8749\/revisions"}],"predecessor-version":[{"id":8751,"href":"http:\/\/www.muricionline.com.br\/novo\/index.php?rest_route=\/wp\/v2\/posts\/8749\/revisions\/8751"}],"wp:featuredmedia":[{"embeddable":true,"href":"http:\/\/www.muricionline.com.br\/novo\/index.php?rest_route=\/wp\/v2\/media\/8750"}],"wp:attachment":[{"href":"http:\/\/www.muricionline.com.br\/novo\/index.php?rest_route=%2Fwp%2Fv2%2Fmedia&parent=8749"}],"wp:term":[{"taxonomy":"category","embeddable":true,"href":"http:\/\/www.muricionline.com.br\/novo\/index.php?rest_route=%2Fwp%2Fv2%2Fcategories&post=8749"},{"taxonomy":"post_tag","embeddable":true,"href":"http:\/\/www.muricionline.com.br\/novo\/index.php?rest_route=%2Fwp%2Fv2%2Ftags&post=8749"}],"curies":[{"name":"wp","href":"https:\/\/api.w.org\/{rel}","templated":true}]}}