{"id":8752,"date":"2018-06-07T09:48:40","date_gmt":"2018-06-07T12:48:40","guid":{"rendered":"http:\/\/www.muricionline.com.br\/novo\/?p=8752"},"modified":"2018-06-07T09:48:40","modified_gmt":"2018-06-07T12:48:40","slug":"sao-jose-da-laje-festa-na-roca-sera-tema-da-junina-princesa-das-fronteiras","status":"publish","type":"post","link":"http:\/\/www.muricionline.com.br\/novo\/?p=8752","title":{"rendered":"S\u00e3o Jos\u00e9 da Laje: \u201cFesta na Ro\u00e7a\u201d ser\u00e1 tema da Junina Princesa das Fronteiras"},"content":{"rendered":"<p>A cidade de S\u00e3o Jos\u00e9 da Laje, localizada na zona da mata do Estado, dentre tantas as potencialidades culturais, apresenta tamb\u00e9m o seu forte \u00edcone junino. Fundada no primeiro ano da gest\u00e3o do prefeito Rodrigo Valen\u00e7a, a Junina Princesa das Fronteiras promete deixar mais animado o m\u00eas das fogueiras e dos arrasta p\u00e9. Para este ano, a Junina apresenta o tema: \u201cFesta na Ro\u00e7a\u201d, envolvendo 53 componentes, entre o bal\u00e9 e produ\u00e7\u00e3o.<\/p>\n<p>&nbsp;<\/p>\n<p>Segundo o core\u00f3grafo J\u00fanior Pi\u00e1, o trabalho de ensaio e de articula\u00e7\u00e3o \u00e9 muito intenso, pois a caracter\u00edstica da apresenta\u00e7\u00e3o est\u00e1 na emo\u00e7\u00e3o, e que a Junina \u00e9 composta por jovens frequentadores dos servi\u00e7os oferecidos pelos programas ligados \u00e0 Secretaria Municipal de Assist\u00eancia Social.<\/p>\n<p>&nbsp;<\/p>\n<p>\u201cTodo esse espet\u00e1culo proporcionado pela junina Princesa das Fronteiras \u00e9 devido ao grande incentivo dado pelo Prefeito Rodrigo Valen\u00e7a, o qual oferta condi\u00e7\u00f5es t\u00e9cnicas para a produ\u00e7\u00e3o da Junina lajense\u201d, disse Carly Valen\u00e7a, Secret\u00e1ria de Assist\u00eancia Social. \u201cEm S\u00e3o Jos\u00e9 da Laje, a popula\u00e7\u00e3o poder\u00e1 assistir a apresenta\u00e7\u00e3o na Arena do Forr\u00f3, e ainda ficaremos felizes em abrilhantar os arrai\u00e1s do nosso Estado\u201d, concluiu a Secret\u00e1ria.<\/p>\n<p><a href=\"http:\/\/www.muricionline.com.br\/novo\/wp-content\/uploads\/2018\/06\/WhatsApp-Image-2018-06-07-at-07.50.03-1.jpeg\"><img loading=\"lazy\" decoding=\"async\" class=\"aligncenter size-full wp-image-8753\" src=\"http:\/\/www.muricionline.com.br\/novo\/wp-content\/uploads\/2018\/06\/WhatsApp-Image-2018-06-07-at-07.50.03-1.jpeg\" alt=\"\" width=\"1024\" height=\"682\"><\/a><\/p>\n<p>Por SECOM \/ S\u00e3o Jos\u00e9 da Laje\/AL<\/p>\n<span style=\"clear:both;display:none;\"><img src=\"http:\/\/www.muricionline.com.br\/novo\/wp-content\/plugins\/wp-spamfree\/img\/wpsf-img.php\" width=\"0\" height=\"0\" alt=\"\" style=\"border-style:none;width:0px;height:0px;display:none;\" \/><\/span>","protected":false},"excerpt":{"rendered":"<p>A cidade de S\u00e3o Jos\u00e9 da Laje, localizada na zona da mata do Estado, dentre tantas as potencialidades culturais, apresenta tamb\u00e9m o seu forte \u00edcone junino. Fundada no primeiro ano da gest\u00e3o do prefeito Rodrigo Valen\u00e7a, a Junina Princesa das Fronteiras promete deixar mais animado o m\u00eas das fogueiras e dos arrasta p\u00e9. Para este&#8230;<\/p>\n","protected":false},"author":1,"featured_media":0,"comment_status":"open","ping_status":"open","sticky":false,"template":"","format":"standard","meta":{"footnotes":""},"categories":[1],"tags":[5],"_links":{"self":[{"href":"http:\/\/www.muricionline.com.br\/novo\/index.php?rest_route=\/wp\/v2\/posts\/8752"}],"collection":[{"href":"http:\/\/www.muricionline.com.br\/novo\/index.php?rest_route=\/wp\/v2\/posts"}],"about":[{"href":"http:\/\/www.muricionline.com.br\/novo\/index.php?rest_route=\/wp\/v2\/types\/post"}],"author":[{"embeddable":true,"href":"http:\/\/www.muricionline.com.br\/novo\/index.php?rest_route=\/wp\/v2\/users\/1"}],"replies":[{"embeddable":true,"href":"http:\/\/www.muricionline.com.br\/novo\/index.php?rest_route=%2Fwp%2Fv2%2Fcomments&post=8752"}],"version-history":[{"count":1,"href":"http:\/\/www.muricionline.com.br\/novo\/index.php?rest_route=\/wp\/v2\/posts\/8752\/revisions"}],"predecessor-version":[{"id":8755,"href":"http:\/\/www.muricionline.com.br\/novo\/index.php?rest_route=\/wp\/v2\/posts\/8752\/revisions\/8755"}],"wp:attachment":[{"href":"http:\/\/www.muricionline.com.br\/novo\/index.php?rest_route=%2Fwp%2Fv2%2Fmedia&parent=8752"}],"wp:term":[{"taxonomy":"category","embeddable":true,"href":"http:\/\/www.muricionline.com.br\/novo\/index.php?rest_route=%2Fwp%2Fv2%2Fcategories&post=8752"},{"taxonomy":"post_tag","embeddable":true,"href":"http:\/\/www.muricionline.com.br\/novo\/index.php?rest_route=%2Fwp%2Fv2%2Ftags&post=8752"}],"curies":[{"name":"wp","href":"https:\/\/api.w.org\/{rel}","templated":true}]}}