{"id":8756,"date":"2018-06-07T13:07:24","date_gmt":"2018-06-07T16:07:24","guid":{"rendered":"http:\/\/www.muricionline.com.br\/novo\/?p=8756"},"modified":"2018-06-07T13:07:24","modified_gmt":"2018-06-07T16:07:24","slug":"morre-aos-93-anos-o-ministro-aposentado-do-stj-pedro-acioli","status":"publish","type":"post","link":"http:\/\/www.muricionline.com.br\/novo\/?p=8756","title":{"rendered":"Morre, aos 93 anos, o ministro aposentado do STJ Pedro Acioli"},"content":{"rendered":"<p>O ministro aposentado do Superior Tribunal de Justi\u00e7a (STJ) Pedro Acioli, de 93 anos, morreu durante a madrugada desta quinta-feira (07), em sua resid\u00eancia na cidade de Salvador-BA. O corpo ser\u00e1 trazido para Macei\u00f3 em um voo fretado e, em seguida, ser\u00e1 velado no Campo Santo Parque das Flores, no bairro do Cana\u00e3.<\/p>\n<p>&nbsp;<\/p>\n<p>&nbsp;<\/p>\n<p>Segundo Pedro Acioli Filho, a fam\u00edlia acredita que a causa da morte tenha sido natural. O voo deve chegar \u00e0 capital alagoana pr\u00f3ximo ao meio-dia e o sepultamento est\u00e1 previsto para acontecer \u00e0s 17h30.<\/p>\n<p><b>Hist\u00f3rico<\/b><\/p>\n<p>Nascido no munic\u00edpio de Murici, em 1925, o ministro Pedro da Rocha Acioli exerceu, durante sua vida jur\u00eddica, diversos cargos como: juiz de Direito em diversas cidade alagoanas; juiz federal, corregedor da Justi\u00e7a Eleitoral, ministro do Tribunal Federal de Recursos (TFR).<\/p>\n<p>A partir de 1988, passou a integrar o Tribunal Superior Eleitoral, tornando-se ministro do Superior Tribunal de Justi\u00e7a, a partir da Constitui\u00e7\u00e3o de 1988. Aposentou-se do cargo de ministro do STJ em 1995.&nbsp;<\/p>\n<p>&nbsp;<\/p>\n<p>Com Gazetaweb<\/p>\n<span style=\"clear:both;display:none;\"><img src=\"http:\/\/www.muricionline.com.br\/novo\/wp-content\/plugins\/wp-spamfree\/img\/wpsf-img.php\" width=\"0\" height=\"0\" alt=\"\" style=\"border-style:none;width:0px;height:0px;display:none;\" \/><\/span>","protected":false},"excerpt":{"rendered":"<p>O ministro aposentado do Superior Tribunal de Justi\u00e7a (STJ) Pedro Acioli, de 93 anos, morreu durante a madrugada desta quinta-feira (07), em sua resid\u00eancia na cidade de Salvador-BA. O corpo ser\u00e1 trazido para Macei\u00f3 em um voo fretado e, em seguida, ser\u00e1 velado no Campo Santo Parque das Flores, no bairro do Cana\u00e3. &nbsp; &nbsp;&#8230;<\/p>\n","protected":false},"author":1,"featured_media":8757,"comment_status":"open","ping_status":"open","sticky":false,"template":"","format":"standard","meta":{"footnotes":""},"categories":[7,1],"tags":[5],"_links":{"self":[{"href":"http:\/\/www.muricionline.com.br\/novo\/index.php?rest_route=\/wp\/v2\/posts\/8756"}],"collection":[{"href":"http:\/\/www.muricionline.com.br\/novo\/index.php?rest_route=\/wp\/v2\/posts"}],"about":[{"href":"http:\/\/www.muricionline.com.br\/novo\/index.php?rest_route=\/wp\/v2\/types\/post"}],"author":[{"embeddable":true,"href":"http:\/\/www.muricionline.com.br\/novo\/index.php?rest_route=\/wp\/v2\/users\/1"}],"replies":[{"embeddable":true,"href":"http:\/\/www.muricionline.com.br\/novo\/index.php?rest_route=%2Fwp%2Fv2%2Fcomments&post=8756"}],"version-history":[{"count":1,"href":"http:\/\/www.muricionline.com.br\/novo\/index.php?rest_route=\/wp\/v2\/posts\/8756\/revisions"}],"predecessor-version":[{"id":8758,"href":"http:\/\/www.muricionline.com.br\/novo\/index.php?rest_route=\/wp\/v2\/posts\/8756\/revisions\/8758"}],"wp:featuredmedia":[{"embeddable":true,"href":"http:\/\/www.muricionline.com.br\/novo\/index.php?rest_route=\/wp\/v2\/media\/8757"}],"wp:attachment":[{"href":"http:\/\/www.muricionline.com.br\/novo\/index.php?rest_route=%2Fwp%2Fv2%2Fmedia&parent=8756"}],"wp:term":[{"taxonomy":"category","embeddable":true,"href":"http:\/\/www.muricionline.com.br\/novo\/index.php?rest_route=%2Fwp%2Fv2%2Fcategories&post=8756"},{"taxonomy":"post_tag","embeddable":true,"href":"http:\/\/www.muricionline.com.br\/novo\/index.php?rest_route=%2Fwp%2Fv2%2Ftags&post=8756"}],"curies":[{"name":"wp","href":"https:\/\/api.w.org\/{rel}","templated":true}]}}