{"id":8759,"date":"2018-06-07T18:55:36","date_gmt":"2018-06-07T21:55:36","guid":{"rendered":"http:\/\/www.muricionline.com.br\/novo\/?p=8759"},"modified":"2018-06-07T19:03:09","modified_gmt":"2018-06-07T22:03:09","slug":"rodrigo-valenca-anuncia-reajuste-salarial-para-servidores-da-folha-40-e-60-da-semed-de-sao-jose-da-laje","status":"publish","type":"post","link":"http:\/\/www.muricionline.com.br\/novo\/?p=8759","title":{"rendered":"Rodrigo Valen\u00e7a anuncia reajuste salarial para servidores da folha 40 e 60 da Semed de S\u00e3o Jos\u00e9 da Laje"},"content":{"rendered":"<div>&nbsp;<\/div>\n<div class=\"blog-meta\"><i class=\"fa fa-clock-o\"><\/i><strong>O prefeito Rodrigo Valen\u00e7a&nbsp;<\/strong>informou que os trabalhadores da educa\u00e7\u00e3o de&nbsp;S\u00e3o Jos\u00e9 da Laje ter\u00e3o aumento salarial retroativo a maio deste ano da ordem de 3% para os trabalhadorees da edua\u00e7\u00e3o que recebem nas folhas 40 e 60.&nbsp;<\/div>\n<p>S\u00e3o servidores do setor administrativo da secretaria municipal de Educa\u00e7\u00e3o(folha 40) Merendeira, Vigilante Escolar, Auxiliar de Servi\u00e7os Gerais e Secret\u00e1rio Escolar, todos ser\u00e3o contemplados, igualmente os da folha 60 com percentual igual, 3%.&nbsp;<\/p>\n<p>A decis\u00e3o foi homologada esta semana por Rodrigo Valen\u00e7a, depois que a C\u00e2mara Municipal de Vereadores, aprovou a Lei 101\/2018 que disp\u00f5e sobre reajuste de vencimento no \u00e2mbito da secret\u00e1ria municipal de Educa\u00e7\u00e3o.<\/p>\n<p>Servidores da Folha 40 ter\u00e3o 3% e os da folha 60 os mesmos valores: 3%.&nbsp; &#8220;O Brasil vive h\u00e1 algum tempo a recess\u00e3o e a queda de receita de estados e munic\u00edpios tem sido uma realidade, mas nossa obriga\u00e7\u00e3o \u00e9 cumprir o acordado\u201d, disse Rodrigo Valen\u00e7a.<\/p>\n<p>Ele alega que o pais vive&nbsp;um dilema. &#8220;S\u00e3o limita\u00e7\u00f5es financeiras de estados e munic\u00edpios de um lado e, de outro, h\u00e1&nbsp;necessidade de que os professores sejam valorizados e, aqui em S\u00e3o Jos\u00e9 da Laje, isso \u00e9 uma realidade. H\u00e1 de entender que o valor anual m\u00ednimo por aluno definido nacionalmente pelo Fundo de Manuten\u00e7\u00e3o e Desenvolvimento da Educa\u00e7\u00e3o B\u00e1sica e de Valoriza\u00e7\u00e3o dos Profissionais da Educa\u00e7\u00e3o (Fundeb) \u00e9 fato, mas aqui em S\u00e3o Jos\u00e9 da Laje os&nbsp;reajustes perpassam pelo Poder Legislativo que tem sido grande parceiro. O&nbsp;pessoal da educa\u00e7\u00e3o reconhece nosso esfor\u00e7o\u201d, finalizou Rodrigo Valen\u00e7a.<\/p>\n<p>&nbsp;<\/p>\n<p>Com Assessoria&nbsp;<\/p>\n<span style=\"clear:both;display:none;\"><img src=\"http:\/\/www.muricionline.com.br\/novo\/wp-content\/plugins\/wp-spamfree\/img\/wpsf-img.php\" width=\"0\" height=\"0\" alt=\"\" style=\"border-style:none;width:0px;height:0px;display:none;\" \/><\/span>","protected":false},"excerpt":{"rendered":"<p>&nbsp; O prefeito Rodrigo Valen\u00e7a&nbsp;informou que os trabalhadores da educa\u00e7\u00e3o de&nbsp;S\u00e3o Jos\u00e9 da Laje ter\u00e3o aumento salarial retroativo a maio deste ano da ordem de 3% para os trabalhadorees da edua\u00e7\u00e3o que recebem nas folhas 40 e 60.&nbsp; S\u00e3o servidores do setor administrativo da secretaria municipal de Educa\u00e7\u00e3o(folha 40) Merendeira, Vigilante Escolar, Auxiliar de Servi\u00e7os&#8230;<\/p>\n","protected":false},"author":1,"featured_media":8760,"comment_status":"open","ping_status":"open","sticky":false,"template":"","format":"standard","meta":{"footnotes":""},"categories":[1],"tags":[5],"_links":{"self":[{"href":"http:\/\/www.muricionline.com.br\/novo\/index.php?rest_route=\/wp\/v2\/posts\/8759"}],"collection":[{"href":"http:\/\/www.muricionline.com.br\/novo\/index.php?rest_route=\/wp\/v2\/posts"}],"about":[{"href":"http:\/\/www.muricionline.com.br\/novo\/index.php?rest_route=\/wp\/v2\/types\/post"}],"author":[{"embeddable":true,"href":"http:\/\/www.muricionline.com.br\/novo\/index.php?rest_route=\/wp\/v2\/users\/1"}],"replies":[{"embeddable":true,"href":"http:\/\/www.muricionline.com.br\/novo\/index.php?rest_route=%2Fwp%2Fv2%2Fcomments&post=8759"}],"version-history":[{"count":2,"href":"http:\/\/www.muricionline.com.br\/novo\/index.php?rest_route=\/wp\/v2\/posts\/8759\/revisions"}],"predecessor-version":[{"id":8762,"href":"http:\/\/www.muricionline.com.br\/novo\/index.php?rest_route=\/wp\/v2\/posts\/8759\/revisions\/8762"}],"wp:featuredmedia":[{"embeddable":true,"href":"http:\/\/www.muricionline.com.br\/novo\/index.php?rest_route=\/wp\/v2\/media\/8760"}],"wp:attachment":[{"href":"http:\/\/www.muricionline.com.br\/novo\/index.php?rest_route=%2Fwp%2Fv2%2Fmedia&parent=8759"}],"wp:term":[{"taxonomy":"category","embeddable":true,"href":"http:\/\/www.muricionline.com.br\/novo\/index.php?rest_route=%2Fwp%2Fv2%2Fcategories&post=8759"},{"taxonomy":"post_tag","embeddable":true,"href":"http:\/\/www.muricionline.com.br\/novo\/index.php?rest_route=%2Fwp%2Fv2%2Ftags&post=8759"}],"curies":[{"name":"wp","href":"https:\/\/api.w.org\/{rel}","templated":true}]}}